{"id":21214,"date":"2026-03-11T19:23:05","date_gmt":"2026-03-11T22:23:05","guid":{"rendered":"https:\/\/aprimora.site\/carvalhoalmeidaadvogados\/2026\/03\/11\/cpi-aprova-quebra-de-sigilos-de-sicario-e-convoca-servidores-do-banco-central\/"},"modified":"2026-03-11T19:23:05","modified_gmt":"2026-03-11T22:23:05","slug":"cpi-aprova-quebra-de-sigilos-de-sicario-e-convoca-servidores-do-banco-central","status":"publish","type":"post","link":"https:\/\/aprimora.site\/carvalhoalmeidaadvogados\/2026\/03\/11\/cpi-aprova-quebra-de-sigilos-de-sicario-e-convoca-servidores-do-banco-central\/","title":{"rendered":"CPI aprova quebra de sigilos de \u2018Sic\u00e1rio\u2019 e convoca servidores do Banco Central"},"content":{"rendered":"<p>A CPI do Crime Organizado no Senado aprovou nesta quarta-feira (11\/3) requerimentos de quebras de sigilos banc\u00e1rios e telem\u00e1ticos, al\u00e9m de convoca\u00e7\u00f5es de agentes envolvidos no caso do <a href=\"https:\/\/www.jota.info\/tudo-sobre\/Banco%20Master\">Banco Master<\/a>.<\/p>\n<p>Entre eles est\u00e3o as quebras de sigilos banc\u00e1rio, fiscal, telef\u00f4nico e telem\u00e1tico de Luiz Philippi Machado de Moraes Mour\u00e3o, conhecido como \u201cSic\u00e1rio\u201d, ligado ao presidente do Banco Master, <a href=\"https:\/\/www.jota.info\/tudo-sobre\/daniel-vorcaro\">Daniel Vorcaro<\/a>.<\/p>\n<p>Sic\u00e1rio <a href=\"https:\/\/www.jota.info\/stf\/do-supremo\/sicario-de-daniel-vorcaro-tenta-se-matar-horas-apos-ser-preso-pela-pf\">morreu<\/a> em 6 de mar\u00e7o na carceragem da Pol\u00edcia Federal em Belo Horizonte, ap\u00f3s ser preso na terceira fase da Opera\u00e7\u00e3o Compliance Zero. Os senadores tamb\u00e9m aprovaram uma solicita\u00e7\u00e3o de informa\u00e7\u00f5es \u00e0 corpora\u00e7\u00e3o sobre o suic\u00eddio.<\/p>\n<p class=\"jota-cta\"><a href=\"https:\/\/www.jota.info\/produtos\/poder?utm_source=cta-site&amp;utm_medium=site&amp;utm_campaign=campanha_poder_q2&amp;utm_id=cta_texto_poder_q2_2023&amp;utm_term=cta_texto_poder&amp;utm_term=cta_texto_poder_meio_materias\"><span>Conhe\u00e7a o <span class=\"jota\">JOTA<\/span> PRO Poder, plataforma de monitoramento que oferece transpar\u00eancia e previsibilidade para empresas<\/span><\/a><\/p>\n<p>Em rela\u00e7\u00e3o ao <a href=\"https:\/\/www.jota.info\/tudo-sobre\/banco-central\">Banco Central<\/a> (BC), a comiss\u00e3o aprovou as convoca\u00e7\u00f5es de Paulo S\u00e9rgio Neves de Souza, ex-diretor de Fiscaliza\u00e7\u00e3o, e Bellini Santana, ex-chefe do Departamento de Supervis\u00e3o Banc\u00e1ria.<\/p>\n<p>Segundo a decis\u00e3o do ministro <a href=\"https:\/\/www.jota.info\/tudo-sobre\/andre-mendonca\">Andr\u00e9 Mendon\u00e7a<\/a>, do Supremo Tribunal Federal (<a href=\"https:\/\/www.jota.info\/stf\">STF<\/a>), os servidores, que est\u00e3o afastados, receberam vantagens indevidas para atuar como \u201cconsultores particulares\u201d de Vorcaro dentro da institui\u00e7\u00e3o.<\/p>\n<p>Outro requerimento aprovado foi para solicitar informa\u00e7\u00f5es ao presidente do BC, <a href=\"http:\/\/google.com\/search?q=Gabriel+Gal%C3%ADpolo+jota&amp;oq=Gabriel+Gal%C3%ADpolo+jota&amp;gs_lcrp=EgZjaHJvbWUyBggAEEUYOdIBBzkxMWowajeoAgCwAgA&amp;sourceid=chrome&amp;ie=UTF-8\">Gabriel Gal\u00edpolo<\/a>, sobre os processos administrativos que resultaram nos afastamentos de Souza e Bellini Santana.<\/p>\n<p class=\"jota-cta\"><a href=\"https:\/\/conteudo.jota.info\/marketing-lp-newsletter-ultimas-noticias?utm_source=jota&amp;utm_medium=lp&amp;utm_campaign=23-09-2024-jota-lp-eleicoes-2024-eleicoes-2024-none-audiencias-none&amp;utm_content=eleicoes-2024&amp;utm_term=none\"><span>Assine gratuitamente a newsletter \u00daltimas Not\u00edcias do <span class=\"jota\">JOTA<\/span> e receba as principais not\u00edcias jur\u00eddicas e pol\u00edticas do dia no seu email<\/span><\/a><\/p>\n<p>No caso da Opera\u00e7\u00e3o Compliance Zero, os senadores aprovaram um pedido de informa\u00e7\u00f5es ao diretor-geral da PF, Andrei Rodrigues, sobre as a\u00e7\u00f5es da corpora\u00e7\u00e3o.<\/p>\n<p>J\u00e1 no caso de investiga\u00e7\u00f5es relacionadas ao Primeiro Comando da Capital (PCC), a CPI do Crime Organizado aprovou a quebra de sigilo banc\u00e1rio e fiscal de Roberto Augusto Leme da Silva, conhecido como \u201cBeto Louco\u201d, apontado como um dos chefes da organiza\u00e7\u00e3o criminosa.<\/p>","protected":false},"excerpt":{"rendered":"<p>A CPI do Crime Organizado no Senado aprovou nesta quarta-feira (11\/3) requerimentos de quebras de sigilos banc\u00e1rios e telem\u00e1ticos, al\u00e9m de convoca\u00e7\u00f5es de agentes envolvidos no caso do Banco Master. Entre eles est\u00e3o as quebras de sigilos banc\u00e1rio, fiscal, telef\u00f4nico e telem\u00e1tico de Luiz Philippi Machado de Moraes Mour\u00e3o, conhecido como \u201cSic\u00e1rio\u201d, ligado ao presidente [&hellip;]<\/p>\n","protected":false},"author":0,"featured_media":0,"comment_status":"open","ping_status":"open","sticky":false,"template":"","format":"standard","meta":[],"categories":[1],"tags":[],"_links":{"self":[{"href":"https:\/\/aprimora.site\/carvalhoalmeidaadvogados\/wp-json\/wp\/v2\/posts\/21214"}],"collection":[{"href":"https:\/\/aprimora.site\/carvalhoalmeidaadvogados\/wp-json\/wp\/v2\/posts"}],"about":[{"href":"https:\/\/aprimora.site\/carvalhoalmeidaadvogados\/wp-json\/wp\/v2\/types\/post"}],"replies":[{"embeddable":true,"href":"https:\/\/aprimora.site\/carvalhoalmeidaadvogados\/wp-json\/wp\/v2\/comments?post=21214"}],"version-history":[{"count":0,"href":"https:\/\/aprimora.site\/carvalhoalmeidaadvogados\/wp-json\/wp\/v2\/posts\/21214\/revisions"}],"wp:attachment":[{"href":"https:\/\/aprimora.site\/carvalhoalmeidaadvogados\/wp-json\/wp\/v2\/media?parent=21214"}],"wp:term":[{"taxonomy":"category","embeddable":true,"href":"https:\/\/aprimora.site\/carvalhoalmeidaadvogados\/wp-json\/wp\/v2\/categories?post=21214"},{"taxonomy":"post_tag","embeddable":true,"href":"https:\/\/aprimora.site\/carvalhoalmeidaadvogados\/wp-json\/wp\/v2\/tags?post=21214"}],"curies":[{"name":"wp","href":"https:\/\/api.w.org\/{rel}","templated":true}]}}