{"id":21211,"date":"2026-03-11T17:04:47","date_gmt":"2026-03-11T20:04:47","guid":{"rendered":"https:\/\/aprimora.site\/carvalhoalmeidaadvogados\/2026\/03\/11\/entenda-a-decisao-de-moraes-sobre-a-relacao-de-policiais-do-rio-com-o-cv\/"},"modified":"2026-03-11T17:04:47","modified_gmt":"2026-03-11T20:04:47","slug":"entenda-a-decisao-de-moraes-sobre-a-relacao-de-policiais-do-rio-com-o-cv","status":"publish","type":"post","link":"https:\/\/aprimora.site\/carvalhoalmeidaadvogados\/2026\/03\/11\/entenda-a-decisao-de-moraes-sobre-a-relacao-de-policiais-do-rio-com-o-cv\/","title":{"rendered":"Entenda a decis\u00e3o de Moraes sobre a rela\u00e7\u00e3o de policiais do Rio com o CV"},"content":{"rendered":"<p>A decis\u00e3o do ministro <a href=\"http:\/\/www.jota.info\/tudo-sobre\/alexandre-de-moraes\">Alexandre de Moraes<\/a>, do Supremo Tribunal Federal (<a href=\"https:\/\/www.jota.info\/tudo-sobre\/STF\">STF<\/a>), que mirou agentes da seguran\u00e7a p\u00fablica do Rio de Janeiro mostrou, mais uma vez, a exist\u00eancia de rela\u00e7\u00e3o entre policiais e o crime organizado. A Pol\u00edcia Federal fez tr\u00eas fases da opera\u00e7\u00e3o entre segunda-feira (9\/3) e esta quarta (11\/3), com o cumprimento de 13 mandados de busca e apreens\u00e3o. Ao todo, 14 pessoas foram presas preventivamente, incluindo dois delegados (um da PF e outro da Pol\u00edcia Civil), dois policiais civis e sete policiais militares.<\/p>\n<p>Entre as condutas investigadas pela corpora\u00e7\u00e3o na opera\u00e7\u00e3o Anomalia est\u00e3o a obstru\u00e7\u00e3o de investiga\u00e7\u00f5es sobre o Comando Vermelho por meio de extors\u00e3o de traficantes, o favorecimento de um traficante internacional de drogas e o suporte e aux\u00edlio a criminosos do Rio.<\/p>\n<p class=\"jota-cta\"><a href=\"https:\/\/www.jota.info\/produtos\/poder?utm_source=cta-site&amp;utm_medium=site&amp;utm_campaign=campanha_poder_q2&amp;utm_id=cta_texto_poder_q2_2023&amp;utm_term=cta_texto_poder&amp;utm_term=cta_texto_poder_meio_materias\">Conhe\u00e7a o <span class=\"jota\">JOTA<\/span> PRO Poder, plataforma de monitoramento que oferece transpar\u00eancia e previsibilidade para empresas<\/a><\/p>\n<p>De acordo com a PF, o crime organizado \u201ctranscendeu o campo do il\u00edcito tradicional, atingindo dimens\u00f5es institucionais e econ\u00f4micas que desafiam a autoridade plena do Estado\u201d.<\/p>\n<p>Um dos achados da investiga\u00e7\u00e3o foi a cobran\u00e7a de R$ 1,5 milh\u00e3o que policiais fizeram contra o traficante Gabriel Dias de Oliveira, conhecido como \u201c\u00cdndio do Lix\u00e3o\u201d, para encerrar uma apura\u00e7\u00e3o contra ele.<\/p>\n<p>O fato envolveu o comiss\u00e1rio da Pol\u00edcia Civil Franklin Alvez e o delegado Marcus Henrique. Segundo a PF, ambos chegaram a emitir intima\u00e7\u00f5es para coagir pessoas pr\u00f3ximas do traficante \u2013 esposa, um amigo e um irm\u00e3o.<\/p>\n<p>Conforme o inqu\u00e9rito da Pol\u00edcia Federal, os investigados estavam divididos em tr\u00eas n\u00facleos de a\u00e7\u00e3o: atua\u00e7\u00e3o de Policiais Civis em a\u00e7\u00f5es criminosas com integrantes do Comando Vermelho; atua\u00e7\u00e3o para favorecer os interesses do traficante internacional Gerel Lusiano Palm (neerland\u00eas); e atua\u00e7\u00e3o criminosa de Policiais Militares ao realizarem seguran\u00e7a e log\u00edstica de lideran\u00e7a do Comando Vermelho.<\/p>\n<p>Na decis\u00e3o que autorizou parte das opera\u00e7\u00f5es, Moraes destaca a exist\u00eancia de \u201crelevantes ind\u00edcios\u201d de a\u00e7\u00f5es possivelmente coordenadas e estruturadas por uma organiza\u00e7\u00e3o criminosa relacionadas \u00e0 atua\u00e7\u00e3o dos principais grupos criminosos violentos e suas conex\u00f5es com agentes p\u00fablicos.<\/p>\n<p>Conforme o ministro, uma das principais caracter\u00edsticas das organiza\u00e7\u00f5es criminosas atuantes no Rio de Janeiro, al\u00e9m do dom\u00ednio territorial mediante uso da for\u00e7a, e da capacidade de corromper agentes p\u00fablicos e pol\u00edticos em escala, \u00e9 a \u201cinfiltra\u00e7\u00e3o pol\u00edtica que tais grupos alcan\u00e7aram nos \u00faltimos anos, seja na esfera municipal, estadual e federal\u201d.<\/p>\n<p class=\"jota-cta\"><a href=\"https:\/\/conteudo.jota.info\/marketing-lp-newsletter-ultimas-noticias?utm_source=jota&amp;utm_medium=lp&amp;utm_campaign=23-09-2024-jota-lp-eleicoes-2024-eleicoes-2024-none-audiencias-none&amp;utm_content=eleicoes-2024&amp;utm_term=none\">Assine gratuitamente a newsletter \u00daltimas Not\u00edcias do <span class=\"jota\">JOTA<\/span> e receba as principais not\u00edcias jur\u00eddicas e pol\u00edticas do dia no seu email<\/a><\/p>\n<p>O caso est\u00e1 sob a supervis\u00e3o de Moraes porque tem rela\u00e7\u00e3o com a chamada ADPF das Favelas. Na a\u00e7\u00e3o, o STF homologou em parte um plano para reduzir a letalidade policial no Rio de Janeiro.<\/p>\n<p>Na ocasi\u00e3o, a Corte tamb\u00e9m determinou que a PF instaurasse um inqu\u00e9rito para apurar ind\u00edcios de crimes \u201ccom repercuss\u00e3o interestadual e internacional\u201d, com \u00eanfase na repress\u00e3o \u00e0s mil\u00edcias, ao tr\u00e1fico de armas e de drogas e \u00e0 lavagem de dinheiro.<\/p>","protected":false},"excerpt":{"rendered":"<p>A decis\u00e3o do ministro Alexandre de Moraes, do Supremo Tribunal Federal (STF), que mirou agentes da seguran\u00e7a p\u00fablica do Rio de Janeiro mostrou, mais uma vez, a exist\u00eancia de rela\u00e7\u00e3o entre policiais e o crime organizado. A Pol\u00edcia Federal fez tr\u00eas fases da opera\u00e7\u00e3o entre segunda-feira (9\/3) e esta quarta (11\/3), com o cumprimento de [&hellip;]<\/p>\n","protected":false},"author":0,"featured_media":0,"comment_status":"open","ping_status":"open","sticky":false,"template":"","format":"standard","meta":[],"categories":[1],"tags":[],"_links":{"self":[{"href":"https:\/\/aprimora.site\/carvalhoalmeidaadvogados\/wp-json\/wp\/v2\/posts\/21211"}],"collection":[{"href":"https:\/\/aprimora.site\/carvalhoalmeidaadvogados\/wp-json\/wp\/v2\/posts"}],"about":[{"href":"https:\/\/aprimora.site\/carvalhoalmeidaadvogados\/wp-json\/wp\/v2\/types\/post"}],"replies":[{"embeddable":true,"href":"https:\/\/aprimora.site\/carvalhoalmeidaadvogados\/wp-json\/wp\/v2\/comments?post=21211"}],"version-history":[{"count":0,"href":"https:\/\/aprimora.site\/carvalhoalmeidaadvogados\/wp-json\/wp\/v2\/posts\/21211\/revisions"}],"wp:attachment":[{"href":"https:\/\/aprimora.site\/carvalhoalmeidaadvogados\/wp-json\/wp\/v2\/media?parent=21211"}],"wp:term":[{"taxonomy":"category","embeddable":true,"href":"https:\/\/aprimora.site\/carvalhoalmeidaadvogados\/wp-json\/wp\/v2\/categories?post=21211"},{"taxonomy":"post_tag","embeddable":true,"href":"https:\/\/aprimora.site\/carvalhoalmeidaadvogados\/wp-json\/wp\/v2\/tags?post=21211"}],"curies":[{"name":"wp","href":"https:\/\/api.w.org\/{rel}","templated":true}]}}