{"id":21209,"date":"2026-03-11T15:58:18","date_gmt":"2026-03-11T18:58:18","guid":{"rendered":"https:\/\/aprimora.site\/carvalhoalmeidaadvogados\/2026\/03\/11\/amazonia-uma-ciencia-para-se-pensar\/"},"modified":"2026-03-11T15:58:18","modified_gmt":"2026-03-11T18:58:18","slug":"amazonia-uma-ciencia-para-se-pensar","status":"publish","type":"post","link":"https:\/\/aprimora.site\/carvalhoalmeidaadvogados\/2026\/03\/11\/amazonia-uma-ciencia-para-se-pensar\/","title":{"rendered":"Amaz\u00f4nia: uma ci\u00eancia para se pensar"},"content":{"rendered":"<p><span>Que ci\u00eancia \u00e9 reconhecida como ci\u00eancia? E, sobretudo, quem pode ser reconhecido como sujeito do conhecimento? Estas perguntas atravessam a Amaz\u00f4nia desde muito antes de ela se tornar centro das aten\u00e7\u00f5es globais por conta da crise clim\u00e1tica e da exist\u00eancia de recursos minerais.<\/span><\/p>\n<p><span>Elas revelam uma tens\u00e3o profunda entre modos distintos de conhecer, viver e interpretar o mundo: tens\u00e3o que ainda estrutura a forma como a floresta e seus povos s\u00e3o percebidos, governados e estudados \u2013 mais como \u201cobjetos\u201d que sujeitos do conhecimento.<\/span><\/p>\n<p class=\"jota-cta\"><a href=\"https:\/\/www.jota.info\/produtos\/poder?utm_source=cta-site&amp;utm_medium=site&amp;utm_campaign=campanha_poder_q2&amp;utm_id=cta_texto_poder_q2_2023&amp;utm_term=cta_texto_poder&amp;utm_term=cta_texto_poder_meio_materias\"><span>Conhe\u00e7a o <span class=\"jota\">JOTA<\/span> PRO Poder, plataforma de monitoramento que oferece transpar\u00eancia e previsibilidade para empresas<\/span><\/a><\/p>\n<p><span>\u00c9 certo que h\u00e1 ci\u00eancia na Amaz\u00f4nia. \u00c9 certo, ainda, que o conhecimento produzido na floresta permanece, em grande medida, negligenciado, silenciado ou tratado como saber menor, descredibilizado de sua inquestion\u00e1vel import\u00e2ncia. <\/span><\/p>\n<p><span>Historicamente, a Amaz\u00f4nia foi posicionada como margem: margem do desenvolvimento, da democracia e de uma ci\u00eancia que se pretende universal, mas que se constr\u00f3i a partir de refer\u00eancias do Norte Global. Essa ci\u00eancia hegem\u00f4nica se sobreleva aos conhecimentos dos povos ind\u00edgenas, ribeirinhos, quilombolas e comunidades tradicionais, relegando-os ao campo do folclore, da tradi\u00e7\u00e3o distante, do curandeirismo ou da curiosidade ex\u00f3tica.\u00a0<\/span><\/p>\n<p><span>Paradoxalmente, \u00e9 justamente nesse territ\u00f3rio atravessado por rios, florestas, conflitos e saberes plurais que emergem alternativas potentes para repensar o futuro. A Ci\u00eancia Aberta, quando situada na Amaz\u00f4nia, transforma-se de um m\u00e9todo de produ\u00e7\u00e3o e circula\u00e7\u00e3o do conhecimento para uma estrat\u00e9gia pol\u00edtica, cultural e epist\u00eamica de revitaliza\u00e7\u00e3o de cosmologias pr\u00f3prias e de afirma\u00e7\u00e3o de direitos. Ela desloca a pergunta do <\/span><span>como produzir conhecimento<\/span><span> para indaga\u00e7\u00f5es mais radicais: <\/span><span>para quem, com quem e a partir de onde e com quais par\u00e2metros se produz ci\u00eancia<\/span><span>?<\/span><\/p>\n<p>O que \u00e9 Ci\u00eancia Aberta?<\/p>\n<p><span>A <\/span><a href=\"https:\/\/cienciaaberta.usp.br\/sobre-o-projeto\/\"><span>Ci\u00eancia Aberta<\/span><\/a><span>, concebida como estrat\u00e9gia global de redefini\u00e7\u00e3o dos contornos e limites da produ\u00e7\u00e3o e difus\u00e3o do conhecimento, afirma-se como instrumento indispens\u00e1vel \u00e0 democratiza\u00e7\u00e3o do acesso irrestrito aos conte\u00fados cient\u00edficos e ao compartilhamento transnacional das pesquisas.<\/span><\/p>\n<p><span>Na Amaz\u00f4nia, entretanto, a Ci\u00eancia Aberta assume um significado pr\u00f3prio porque se conecta ao <\/span><a href=\"https:\/\/www.aldeiaemfoco.org.br\/post\/povos-ind%C3%ADgenas-sempre-fizeram-ci%C3%AAncia-o-mundo-s%C3%B3-est%C3%A1-reconhecendo-agora\"><span>saber tradicional<\/span><\/a><span> dos povos ind\u00edgenas, que tem m\u00e9todo. Tem rigor. Tem transmiss\u00e3o intergeracional, ac\u00famulo hist\u00f3rico, testes emp\u00edricos e refinamento constante. Tudo isso define o que chamamos de ci\u00eancia. S\u00f3 que, neste caso, ela n\u00e3o vem do microsc\u00f3pio \u2014 vem da terra, da floresta, da rela\u00e7\u00e3o com o tempo e com os ciclos da natureza.<\/span><\/p>\n<p><span>Falar em Ci\u00eancia Aberta na floresta \u00e9 falar de dados, integridade da informa\u00e7\u00e3o, de uma economia do conhecimento da biodiversidade que n\u00e3o transforma saberes em mercadoria, mas os reconhece como patrim\u00f4nios coletivos, enraizados em territ\u00f3rios, cosmovis\u00f5es de mundo e de modos de vida. S\u00e3o saberes sobre plantas, rios, solos, ciclos naturais, sa\u00fade e alimenta\u00e7\u00e3o que n\u00e3o podem ser dissociados das pessoas que os produzem. A <\/span><a href=\"https:\/\/unesdoc.unesco.org\/ark:\/48223\/pf0000379949_por\"><span>Recomenda\u00e7\u00e3o da Unesco sobre Ci\u00eancia Aberta<\/span><\/a><span> destaca que n\u00e3o \u00e9 suficiente apenas assegurar o acesso ao conhecimento cient\u00edfico, sendo igualmente essencial promover sua produ\u00e7\u00e3o de forma inclusiva, equitativa e sustent\u00e1vel.<\/span><\/p>\n<p><span>O conhecimento constru\u00eddo nos territ\u00f3rios n\u00e3o nasce apenas da \u201cci\u00eancia fechada\u201d constrita em laborat\u00f3rios e centros de pesquisa urbanos. Ela emerge nos <\/span><a href=\"https:\/\/www.researchgate.net\/publication\/383058402_FUROS_NA_AMAZONIA_UMA_REVISAO_BIBLIOGRAFICA_SOB_A_PERSPECTIVA_DA_GEOGRAFIA_HUMANA\"><span>furos dos rios da Amaz\u00f4nia<\/span><\/a><span>, nas rotas migrat\u00f3rias da fauna, no semear de plantas, nos caminhos de \u00e1gua que conectam comunidades, hist\u00f3rias e pr\u00e1ticas ancestrais. Reconhecer essas redes de saber significa desafiar a centraliza\u00e7\u00e3o do conhecimento nos grandes centros globais e reposicionar a Amaz\u00f4nia como produtora de ci\u00eancia pr\u00f3pria, enraizada em sua realidade ecol\u00f3gica, social e cultural.<\/span><\/p>\n<h2>Conhecimentos tradicionais e ind\u00edgenas como salvaguardas das a\u00e7\u00f5es clim\u00e1ticas<\/h2>\n<p><span>Os conhecimentos tradicionais e ind\u00edgenas, nesse contexto, n\u00e3o podem ser vistos como meras heran\u00e7as culturais: s\u00e3o verdadeiras salvaguardas das a\u00e7\u00f5es clim\u00e1ticas. As <\/span><a href=\"https:\/\/ojs.studiespublicacoes.com.br\/ojs\/index.php\/cadped\/article\/view\/9551\/5558.\"><span>pesquisas locais<\/span><\/a><span> s\u00e3o mecanismos para o enfrentamento da\u00a0 reconhecida e t\u00e3o citada escassez de estudos focados nas especificidades do bioma amaz\u00f4nico, dado que a Floresta Amaz\u00f4nica abrange uma extens\u00e3o consider\u00e1vel e n\u00e3o possui limites f\u00edsicos claramente definidos.<\/span><\/p>\n<p><span>Sistemas agroflorestais, formas coletivas de manejo da terra, t\u00e9cnicas de preserva\u00e7\u00e3o da biodiversidade e usos medicinais das plantas constituem respostas concretas \u00e0 crise ambiental. Mais do que mitigar impactos clim\u00e1ticos, esses saberes ensinam a conviver com e a partir da floresta, reconhecendo a interdepend\u00eancia entre humanos e n\u00e3o humanos, cujo equil\u00edbrio \u00e9 condi\u00e7\u00e3o necess\u00e1ria para o enfrentamento da destrui\u00e7\u00e3o ambiental e clim\u00e1tica que redefine os limites da vida coletiva \u2013 na floresta e fora dela.<\/span><\/p>\n<p><span>Por isso, n\u00e3o h\u00e1 \u2013 nem deve haver \u2013 separa\u00e7\u00e3o entre a luta pelo reconhecimento identit\u00e1rio, a demarca\u00e7\u00e3o de terras ind\u00edgenas e as a\u00e7\u00f5es clim\u00e1ticas globais. Justi\u00e7a clim\u00e1tica exige n\u00e3o apenas reconhecimento simb\u00f3lico dos saberes amaz\u00f4nicos, mas a sua incorpora\u00e7\u00e3o em estruturas decis\u00f3rias, fiscais, regulat\u00f3rias e econ\u00f4micas.<\/span><\/p>\n<p><span>A defesa dos territ\u00f3rios \u00e9, ao mesmo tempo, defesa do clima, da biodiversidade e da vida. As disputas por terra e por reconhecimento cultural n\u00e3o est\u00e3o deslocadas da luta pela igualdade socioecon\u00f4mica. Os direitos fundamentais s\u00f3 se realizam na concomit\u00e2ncia das dimens\u00f5es simb\u00f3licas e materiais da exist\u00eancia.<\/span><\/p>\n<h2>Ci\u00eancia, democracia e poder<\/h2>\n<p><span>Entretanto, persiste uma dificuldade estrutural de dialogar com diferentes grupos sociais sem reduzi-los a categorias abstratas ou enxerg\u00e1-los como <\/span><span>outros<\/span><span>. Pensar em povos e comunidades tradicionais fora de estere\u00f3tipos ainda \u00e9 um desafio para o pensamento hegem\u00f4nico. Nesse cen\u00e1rio, imp\u00f5e-se outra pergunta: quem \u00e9 o sujeito universal que define o que \u00e9 ci\u00eancia, o que \u00e9 saber e o que pode ser validado como conhecimento? Quem decide quem det\u00e9m a autoridade para definir essas quest\u00f5es, e com que legitimidade o faz?<\/span><\/p>\n<p><span>O Norte Global continua a operar como inst\u00e2ncia legitimadora, validando o que conta \u2013 e o que n\u00e3o conta \u2013 como ci\u00eancia, a partir de um regime de conhecimento marcado pela colonialidade do saber e pelo epistemic\u00eddio sistem\u00e1tico, seja de modo anal\u00f3gico, seja pelo <\/span><a href=\"https:\/\/fringeglobal.com\/ojs\/index.php\/jcai\/article\/view\/decolonizing-artificial-intelligence-indigenous-knowledge-system\"><span>desenvolvimento de estruturas e agentes digitais.<\/span><\/a><\/p>\n<p><span>Ao faz\u00ea-lo, perpetua desigualdades epist\u00eamicas profundas e naturaliza a aus\u00eancia de <\/span><a href=\"https:\/\/revistacienciaecultura.org.br\/?p=7963\"><span>grupos tradicionalmente exclu\u00eddos da ci\u00eancia <\/span><\/a><span>como povos ind\u00edgenas, quilombolas e ribeirinhos nos espa\u00e7os de produ\u00e7\u00e3o do conhecimento, nas universidades, nos centros de decis\u00e3o e nos debates sobre o futuro do planeta.Essas aus\u00eancias n\u00e3o s\u00e3o neutras: s\u00e3o produzidas e mantidas por estruturas que concentram oportunidades e poder.<\/span><\/p>\n<p><span>N\u00e3o h\u00e1 democracia sem oportunidades. S\u00e3o as oportunidades \u2013 ou a falta delas \u2013 que determinam os rumos das nossas vidas do nascimento at\u00e9 a morte. Quando certos grupos s\u00e3o sistematicamente marginalizados e desconsiderados do reconhecimento cient\u00edfico, pol\u00edtico e econ\u00f4mico, a desigualdade deixa de ser exce\u00e7\u00e3o e passa a ser regra e o pluralismo, que deveria ser a regra, passa a ser exce\u00e7\u00e3o. Por isso, pensar a Ci\u00eancia Aberta na Amaz\u00f4nia \u00e9 tamb\u00e9m pensar justi\u00e7a social, inclus\u00e3o e democracia.<\/span><\/p>\n<h2>A ci\u00eancia que nasce do territ\u00f3rio e a margem como centro da vida<\/h2>\n<p><span>A ci\u00eancia produzida na Amaz\u00f4nia, quando reconhecida em sua plenitude, n\u00e3o considera apenas a vulnerabilidade do clima, mas tamb\u00e9m a vulnerabilidade das pessoas que habitam a floresta. \u00c9 um conhecimento que entrela\u00e7a cren\u00e7as, pr\u00e1ticas e saberes oriundos de cosmovis\u00f5es ind\u00edgenas, negras e ribeirinhas.<\/span><\/p>\n<p><span>Um conhecimento que compreende que n\u00e3o h\u00e1 separa\u00e7\u00e3o entre territ\u00f3rio, corpo, cultura e natureza; que n\u00e3o exclui para ser v\u00e1lido. <\/span><a href=\"https:\/\/revistacienciaecultura.org.br\/?p=7963\"><span>Ci\u00eancia<\/span><\/a><span> tamb\u00e9m \u00e9 o olho treinado para perceber a colora\u00e7\u00e3o da folha. \u00c9 o sil\u00eancio que escuta os sinais do tempo. \u00c9 o saber acumulado em hist\u00f3rias, em rituais, em pr\u00e1ticas que salvam, previnem, nutrem e cuidam.<\/span><\/p>\n<p class=\"jota-cta\"><a href=\"https:\/\/conteudo.jota.info\/marketing-lp-newsletter-ultimas-noticias?utm_source=jota&amp;utm_medium=lp&amp;utm_campaign=23-09-2024-jota-lp-eleicoes-2024-eleicoes-2024-none-audiencias-none&amp;utm_content=eleicoes-2024&amp;utm_term=none\"><span>Assine gratuitamente a newsletter \u00daltimas Not\u00edcias do <span class=\"jota\">JOTA<\/span> e receba as principais not\u00edcias jur\u00eddicas e pol\u00edticas do dia no seu email<\/span><\/a><\/p>\n<p><span>A floresta nunca foi aus\u00eancia de conhecimento; foi aus\u00eancia de reconhecimento. Reconhecer, assim, a Amaz\u00f4nia como lugar de ci\u00eancia \u00e9 reconhecer seus povos como sujeitos do conhecimento e n\u00e3o \u201cobjetos\u201d de estudo. \u00c9 aceitar que existem m\u00faltiplas formas de racionalidade e que o futuro n\u00e3o ser\u00e1 constru\u00eddo a partir de uma \u00fanica vis\u00e3o de mundo.<\/span><\/p>\n<p><span>Pensar uma Ci\u00eancia Amaz\u00f4nica \u00e9, em \u00faltima inst\u00e2ncia, um exerc\u00edcio de escuta, humildade e reconstru\u00e7\u00e3o democr\u00e1tica. \u00c9 compreender que o futuro da ci\u00eancia, e da pr\u00f3pria humanidade, depende da capacidade de dialogar com aquilo que, por muito tempo, foi tratado como margem, mesmo quando sempre esteve no centro da vida.<\/span><\/p>","protected":false},"excerpt":{"rendered":"<p>Que ci\u00eancia \u00e9 reconhecida como ci\u00eancia? E, sobretudo, quem pode ser reconhecido como sujeito do conhecimento? Estas perguntas atravessam a Amaz\u00f4nia desde muito antes de ela se tornar centro das aten\u00e7\u00f5es globais por conta da crise clim\u00e1tica e da exist\u00eancia de recursos minerais. Elas revelam uma tens\u00e3o profunda entre modos distintos de conhecer, viver e [&hellip;]<\/p>\n","protected":false},"author":0,"featured_media":0,"comment_status":"open","ping_status":"open","sticky":false,"template":"","format":"standard","meta":[],"categories":[1],"tags":[],"_links":{"self":[{"href":"https:\/\/aprimora.site\/carvalhoalmeidaadvogados\/wp-json\/wp\/v2\/posts\/21209"}],"collection":[{"href":"https:\/\/aprimora.site\/carvalhoalmeidaadvogados\/wp-json\/wp\/v2\/posts"}],"about":[{"href":"https:\/\/aprimora.site\/carvalhoalmeidaadvogados\/wp-json\/wp\/v2\/types\/post"}],"replies":[{"embeddable":true,"href":"https:\/\/aprimora.site\/carvalhoalmeidaadvogados\/wp-json\/wp\/v2\/comments?post=21209"}],"version-history":[{"count":0,"href":"https:\/\/aprimora.site\/carvalhoalmeidaadvogados\/wp-json\/wp\/v2\/posts\/21209\/revisions"}],"wp:attachment":[{"href":"https:\/\/aprimora.site\/carvalhoalmeidaadvogados\/wp-json\/wp\/v2\/media?parent=21209"}],"wp:term":[{"taxonomy":"category","embeddable":true,"href":"https:\/\/aprimora.site\/carvalhoalmeidaadvogados\/wp-json\/wp\/v2\/categories?post=21209"},{"taxonomy":"post_tag","embeddable":true,"href":"https:\/\/aprimora.site\/carvalhoalmeidaadvogados\/wp-json\/wp\/v2\/tags?post=21209"}],"curies":[{"name":"wp","href":"https:\/\/api.w.org\/{rel}","templated":true}]}}