{"id":21208,"date":"2026-03-11T14:58:49","date_gmt":"2026-03-11T17:58:49","guid":{"rendered":"https:\/\/aprimora.site\/carvalhoalmeidaadvogados\/2026\/03\/11\/stf-ao-vivo-anistia-a-partidos-por-descumprimento-de-cotas-raciais-e-de-genero-sessao-de-11-3-2026\/"},"modified":"2026-03-11T14:58:49","modified_gmt":"2026-03-11T17:58:49","slug":"stf-ao-vivo-anistia-a-partidos-por-descumprimento-de-cotas-raciais-e-de-genero-sessao-de-11-3-2026","status":"publish","type":"post","link":"https:\/\/aprimora.site\/carvalhoalmeidaadvogados\/2026\/03\/11\/stf-ao-vivo-anistia-a-partidos-por-descumprimento-de-cotas-raciais-e-de-genero-sessao-de-11-3-2026\/","title":{"rendered":"STF AO VIVO \u2013 Anistia a partidos por descumprimento de cotas raciais e de g\u00eanero \u2013 sess\u00e3o de 11\/3\/2026"},"content":{"rendered":"<p>Os ministros do Supremo Tribunal Federal (<a href=\"https:\/\/www.jota.info\/tudo-sobre\/STF\">STF<\/a>) devem julgar nesta quarta-feira (11\/3) a A\u00e7\u00e3o Direta de Inconstitucionalidade <a href=\"https:\/\/portal.stf.jus.br\/processos\/detalhe.asp?incidente=6695152\">(ADI) 7419<\/a> contra parte da Emenda Constitucional <a href=\"https:\/\/www.planalto.gov.br\/ccivil_03\/constituicao\/emendas\/emc\/emc117.htm\">(EC) 117\/2022<\/a>, que permite anistia a partidos pol\u00edticos que n\u00e3o preencheram cotas raciais e de g\u00eanero em elei\u00e7\u00f5es anteriores a 2022. A a\u00e7\u00e3o foi movida pelo Rede Sustentabilidade e pela Federa\u00e7\u00e3o Nacional das Associa\u00e7\u00f5es Quilombolas (Fenaq).<\/p>\n<p>Para a Rede e a Fenaq, a emenda afeta a igualdade de oportunidades entre candidatos nas elei\u00e7\u00f5es na perspectiva da diversidade e da pluralidade racial e de g\u00eanero. No seu entendimento, estimular a candidatura de integrantes de grupos vulner\u00e1veis \u00e9 a maneira mais efetiva de assegurar a justi\u00e7a social e a promo\u00e7\u00e3o da dignidade humana, e a anistia \u00e9 incompat\u00edvel com princ\u00edpios fundamentais e com garantias individuais e coletivas estabelecidas na Constitui\u00e7\u00e3o Federal.<\/p>\n<p class=\"jota-cta\"><a href=\"https:\/\/www.jota.info\/produtos\/poder?utm_source=cta-site&amp;utm_medium=site&amp;utm_campaign=campanha_poder_q2&amp;utm_id=cta_texto_poder_q2_2023&amp;utm_term=cta_texto_poder&amp;utm_term=cta_texto_poder_meio_materias\"><span>Conhe\u00e7a o <span class=\"jota\">JOTA<\/span> PRO Poder, plataforma de monitoramento que oferece transpar\u00eancia e previsibilidade para empresas<\/span><\/a><\/p>\n<p>A Corte tamb\u00e9m deve dar andamento ao julgamento da Argui\u00e7\u00e3o de Descumprimento de Preceito Fundamental\u202f<a href=\"https:\/\/portal.stf.jus.br\/processos\/detalhe.asp?incidente=6816881\">(ADPF) 1106<\/a>, proposta pela Procuradoria-Geral da Rep\u00fablica (<a href=\"https:\/\/www.jota.info\/tudo-sobre\/PGR\">PGR<\/a>), que discute a validade das regras da\u202fLei 6.729\/1979, conhecida como <a href=\"https:\/\/www.jota.info\/tudo-sobre\/lei-ferrari\">Lei Ferrari<\/a>, que disciplina a rela\u00e7\u00e3o entre montadoras e concession\u00e1rias de ve\u00edculos, regulamentando a concess\u00e3o comercial.<\/p>\n<p>Tamb\u00e9m est\u00e1 na pauta o julgamento do Recurso Extraordin\u00e1rio com Agravo<a href=\"https:\/\/portal.stf.jus.br\/processos\/detalhe.asp?incidente=6974747\"> (ARE) 1503306<\/a>, a\u00e7\u00e3o proposta pela Uni\u00e3o contra o Supermercado Brotense Ltda, que discute a incid\u00eancia de contribui\u00e7\u00e3o previdenci\u00e1ria (especificamente o Seguro de Acidente de Trabalho \u2013 <a href=\"https:\/\/www.jota.info\/tudo-sobre\/SAT\">SAT<\/a>) sobre pagamentos realizados a trabalhadores avulsos, aut\u00f4nomos e administradores em per\u00edodos anteriores \u00e0 Emenda Constitucional 20\/1998. A Uni\u00e3o alega diverg\u00eancia entre os julgados da Primeira e da Segunda Turma do STF. Sobre o mesmo tema, est\u00e1 em pauta tamb\u00e9m o Recurso Extraordin\u00e1rio <a href=\"https:\/\/portal.stf.jus.br\/processos\/detalhe.asp?incidente=5258065\">(RE) 1073380<\/a>.<\/p>\n<p>O colegiado tamb\u00e9m deve julgar o <a href=\"https:\/\/portal.stf.jus.br\/processos\/detalhe.asp?incidente=7089251\">(ARE) 1524619<\/a>, <a href=\"https:\/\/portal.stf.jus.br\/jurisprudenciaRepercussao\/verAndamentoProcesso.asp?incidente=7089251&amp;numeroProcesso=1524619&amp;classeProcesso=ARE&amp;numeroTema=1382\">Tema 1.382<\/a> de repercuss\u00e3o geral, que\u00a0analisa a possibilidade de condena\u00e7\u00e3o do Minist\u00e9rio P\u00fablico ao pagamento de custas, despesas processuais e honor\u00e1rios advocat\u00edcios, quando for derrotado em a\u00e7\u00f5es de ressarcimento ao er\u00e1rio. O\u202fMinist\u00e9rio P\u00fablico de S\u00e3o Paulo, que ajuizou o Recurso, sustenta que a condena\u00e7\u00e3o viola a\u202fsua\u202fautonomia e\u202fsua independ\u00eancia institucional.<\/p>\n<p>Por fim, o colegiado deve retomar o julgamento da A\u00e7\u00e3o C\u00edvel Origin\u00e1ria <a href=\"https:\/\/portal.stf.jus.br\/processos\/detalhe.asp?incidente=3878707\">(ACO) 1560\u202f<\/a>, em que a PGR recorre de decis\u00e3o que acolheu a argumenta\u00e7\u00e3o da Uni\u00e3o para responsabilizar o Minist\u00e9rio P\u00fablico pelo pagamento dos honor\u00e1rios periciais da per\u00edcia por ele requerida, nos termos do art. 91 do C\u00f3digo de Processo Civil.<\/p>\n<p class=\"jota-cta\"><a href=\"https:\/\/conteudo.jota.info\/marketing-lp-newsletter-ultimas-noticias?utm_source=jota&amp;utm_medium=lp&amp;utm_campaign=23-09-2024-jota-lp-eleicoes-2024-eleicoes-2024-none-audiencias-none&amp;utm_content=eleicoes-2024&amp;utm_term=none\"><span>Assine gratuitamente a newsletter \u00daltimas Not\u00edcias do <span class=\"jota\">JOTA<\/span> e receba as principais not\u00edcias jur\u00eddicas e pol\u00edticas do dia no seu email<\/span><\/a><\/p>\n<h2>Assista \u00e0 sess\u00e3o de julgamento do STF ao vivo<\/h2>\n<div class=\"jota-article__embed\"><\/div>","protected":false},"excerpt":{"rendered":"<p>Os ministros do Supremo Tribunal Federal (STF) devem julgar nesta quarta-feira (11\/3) a A\u00e7\u00e3o Direta de Inconstitucionalidade (ADI) 7419 contra parte da Emenda Constitucional (EC) 117\/2022, que permite anistia a partidos pol\u00edticos que n\u00e3o preencheram cotas raciais e de g\u00eanero em elei\u00e7\u00f5es anteriores a 2022. A a\u00e7\u00e3o foi movida pelo Rede Sustentabilidade e pela Federa\u00e7\u00e3o [&hellip;]<\/p>\n","protected":false},"author":0,"featured_media":0,"comment_status":"open","ping_status":"open","sticky":false,"template":"","format":"standard","meta":[],"categories":[1],"tags":[],"_links":{"self":[{"href":"https:\/\/aprimora.site\/carvalhoalmeidaadvogados\/wp-json\/wp\/v2\/posts\/21208"}],"collection":[{"href":"https:\/\/aprimora.site\/carvalhoalmeidaadvogados\/wp-json\/wp\/v2\/posts"}],"about":[{"href":"https:\/\/aprimora.site\/carvalhoalmeidaadvogados\/wp-json\/wp\/v2\/types\/post"}],"replies":[{"embeddable":true,"href":"https:\/\/aprimora.site\/carvalhoalmeidaadvogados\/wp-json\/wp\/v2\/comments?post=21208"}],"version-history":[{"count":0,"href":"https:\/\/aprimora.site\/carvalhoalmeidaadvogados\/wp-json\/wp\/v2\/posts\/21208\/revisions"}],"wp:attachment":[{"href":"https:\/\/aprimora.site\/carvalhoalmeidaadvogados\/wp-json\/wp\/v2\/media?parent=21208"}],"wp:term":[{"taxonomy":"category","embeddable":true,"href":"https:\/\/aprimora.site\/carvalhoalmeidaadvogados\/wp-json\/wp\/v2\/categories?post=21208"},{"taxonomy":"post_tag","embeddable":true,"href":"https:\/\/aprimora.site\/carvalhoalmeidaadvogados\/wp-json\/wp\/v2\/tags?post=21208"}],"curies":[{"name":"wp","href":"https:\/\/api.w.org\/{rel}","templated":true}]}}