{"id":21165,"date":"2026-03-10T11:58:36","date_gmt":"2026-03-10T14:58:36","guid":{"rendered":"https:\/\/aprimora.site\/carvalhoalmeidaadvogados\/2026\/03\/10\/fachin-diz-que-justica-nao-pode-ficar-aprisionada-em-interesses-paroquiais\/"},"modified":"2026-03-10T11:58:36","modified_gmt":"2026-03-10T14:58:36","slug":"fachin-diz-que-justica-nao-pode-ficar-aprisionada-em-interesses-paroquiais","status":"publish","type":"post","link":"https:\/\/aprimora.site\/carvalhoalmeidaadvogados\/2026\/03\/10\/fachin-diz-que-justica-nao-pode-ficar-aprisionada-em-interesses-paroquiais\/","title":{"rendered":"Fachin diz que Justi\u00e7a n\u00e3o pode ficar \u2018aprisionada\u2019 em \u2018interesses paroquiais\u2019"},"content":{"rendered":"<p>O presidente do Supremo Tribunal Federal (<a href=\"https:\/\/www.jota.info\/tudo-sobre\/STF\">STF<\/a>), <a href=\"https:\/\/www.jota.info\/tudo-sobre\/edson-fachin\">Edson Fachin<\/a>, afirmou nesta ter\u00e7a-feira (10\/3) que a Justi\u00e7a n\u00e3o pode ficar \u201caprisionada\u201d em \u201cinteresses paroquiais, em conveni\u00eancias econ\u00f4micas ou em c\u00e1lculos pol\u00edticos\u201d. Afirmou ainda que os ju\u00edzes n\u00e3o podem ser mal remunerados, mas tamb\u00e9m n\u00e3o podem ficar indiferentes \u00e0s mazelas sociais e demandas da popula\u00e7\u00e3o.<\/p>\n<p>A fala se deu durante a abertura da reuni\u00e3o com presidentes de tribunais superiores e ocorreu em um contexto em que ministros da corte est\u00e3o sendo denunciados pela imprensa por rela\u00e7\u00e3o com investigados no caso do Banco Master e em que decis\u00f5es judiciais do Supremo derrubaram penduricalhos de servidores p\u00fablicos n\u00e3o previstos em lei.<\/p>\n<h3><a href=\"https:\/\/www.jota.info\/produtos\/poder?utm_source=cta-site&amp;utm_medium=site&amp;utm_campaign=campanha_poder_q2&amp;utm_id=cta_texto_poder_q2_2023&amp;utm_term=cta_texto_poder&amp;utm_term=cta_texto_poder_meio_materias\">Conhe\u00e7a o <span class=\"jota\">JOTA<\/span> PRO Poder, plataforma de monitoramento que oferece transpar\u00eancia e previsibilidade para empresas<\/a><\/h3>\n<p>\u201cPrecisamos defender a justi\u00e7a como quem sabe que ela \u00e9 o \u00fanico caminho seguro. N\u00e3o podemos deixar que a justi\u00e7a fique aprisionada em interesses paroquiais, em conveni\u00eancias econ\u00f4micas ou em c\u00e1lculos pol\u00edticos. O que legitima a justi\u00e7a \u00e9 o mesmo ideal que legitima a liberdade. E em nome desse ideal devemos ser virtuosos \u2014 dar o exemplo\u201d, afirmou Fachin.<\/p>\n<p>O ministro destacou que o Judici\u00e1rio vive um momento de tens\u00e3o, principalmente em rela\u00e7\u00e3o \u00e0 remunera\u00e7\u00e3o e benef\u00edcios da magistratura. \u201cN\u00e3o vim aqui para impor conclus\u00f5es, e sei que h\u00e1 posi\u00e7\u00f5es jur\u00eddicas leg\u00edtimas a serem debatidas pelas vias adequadas. Mas vim dizer, com o respeito que cada um de voc\u00eas merece, que o Judici\u00e1rio n\u00e3o pode sair deste momento menor do que entrou\u201d.<\/p>\n<p>Fachin destacou ainda que a popula\u00e7\u00e3o espera do Judici\u00e1rio justi\u00e7a mais r\u00e1pida e eficiente, igualdade real perante a lei e sem privil\u00e9gios e transpar\u00eancia, \u00e9tica e responsabilidade institucional.<\/p>\n<p>\u201cPrecisamos come\u00e7ar a construir o futuro do Judici\u00e1rio agora, com o nosso exemplo. N\u00e3o podemos ser indiferentes \u00e0s mazelas da nossa popula\u00e7\u00e3o. N\u00e3o podemos ficar indiferentes \u00e0s demandas por \u00e9tica e por transpar\u00eancia que v\u00eam da sociedade \u2014 porque essas demandas s\u00e3o leg\u00edtimas, e ignor\u00e1-las seria trair a promessa que um dia fizemos \u00e0 Constitui\u00e7\u00e3o\u201d.<\/p>\n<p class=\"jota-cta\"><a href=\"https:\/\/conteudo.jota.info\/marketing-lp-newsletter-ultimas-noticias?utm_source=jota&amp;utm_medium=lp&amp;utm_campaign=23-09-2024-jota-lp-eleicoes-2024-eleicoes-2024-none-audiencias-none&amp;utm_content=eleicoes-2024&amp;utm_term=none\">Assine gratuitamente a newsletter \u00daltimas Not\u00edcias do <span class=\"jota\">JOTA<\/span> e receba as principais not\u00edcias jur\u00eddicas e pol\u00edticas do dia no seu email<\/a><\/p>","protected":false},"excerpt":{"rendered":"<p>O presidente do Supremo Tribunal Federal (STF), Edson Fachin, afirmou nesta ter\u00e7a-feira (10\/3) que a Justi\u00e7a n\u00e3o pode ficar \u201caprisionada\u201d em \u201cinteresses paroquiais, em conveni\u00eancias econ\u00f4micas ou em c\u00e1lculos pol\u00edticos\u201d. Afirmou ainda que os ju\u00edzes n\u00e3o podem ser mal remunerados, mas tamb\u00e9m n\u00e3o podem ficar indiferentes \u00e0s mazelas sociais e demandas da popula\u00e7\u00e3o. A fala [&hellip;]<\/p>\n","protected":false},"author":0,"featured_media":0,"comment_status":"open","ping_status":"open","sticky":false,"template":"","format":"standard","meta":[],"categories":[1],"tags":[],"_links":{"self":[{"href":"https:\/\/aprimora.site\/carvalhoalmeidaadvogados\/wp-json\/wp\/v2\/posts\/21165"}],"collection":[{"href":"https:\/\/aprimora.site\/carvalhoalmeidaadvogados\/wp-json\/wp\/v2\/posts"}],"about":[{"href":"https:\/\/aprimora.site\/carvalhoalmeidaadvogados\/wp-json\/wp\/v2\/types\/post"}],"replies":[{"embeddable":true,"href":"https:\/\/aprimora.site\/carvalhoalmeidaadvogados\/wp-json\/wp\/v2\/comments?post=21165"}],"version-history":[{"count":0,"href":"https:\/\/aprimora.site\/carvalhoalmeidaadvogados\/wp-json\/wp\/v2\/posts\/21165\/revisions"}],"wp:attachment":[{"href":"https:\/\/aprimora.site\/carvalhoalmeidaadvogados\/wp-json\/wp\/v2\/media?parent=21165"}],"wp:term":[{"taxonomy":"category","embeddable":true,"href":"https:\/\/aprimora.site\/carvalhoalmeidaadvogados\/wp-json\/wp\/v2\/categories?post=21165"},{"taxonomy":"post_tag","embeddable":true,"href":"https:\/\/aprimora.site\/carvalhoalmeidaadvogados\/wp-json\/wp\/v2\/tags?post=21165"}],"curies":[{"name":"wp","href":"https:\/\/api.w.org\/{rel}","templated":true}]}}