{"id":19760,"date":"2026-01-13T07:58:31","date_gmt":"2026-01-13T10:58:31","guid":{"rendered":"https:\/\/aprimora.site\/carvalhoalmeidaadvogados\/2026\/01\/13\/uniao-estavel-posterior-a-hipoteca-pode-assegurar-impenhorabilidade-do-imovel\/"},"modified":"2026-01-13T07:58:31","modified_gmt":"2026-01-13T10:58:31","slug":"uniao-estavel-posterior-a-hipoteca-pode-assegurar-impenhorabilidade-do-imovel","status":"publish","type":"post","link":"https:\/\/aprimora.site\/carvalhoalmeidaadvogados\/2026\/01\/13\/uniao-estavel-posterior-a-hipoteca-pode-assegurar-impenhorabilidade-do-imovel\/","title":{"rendered":"Uni\u00e3o est\u00e1vel posterior \u00e0 hipoteca pode assegurar impenhorabilidade do im\u00f3vel"},"content":{"rendered":"<p>O tribunal de segunda inst\u00e2ncia havia admitido a penhora, por entender que o credor n\u00e3o poderia ser prejudicado por uma situa\u00e7\u00e3o familiar superveniente e desconhecida \u00e0 \u00e9poca da constitui\u00e7\u00e3o da garantia.<\/p>","protected":false},"excerpt":{"rendered":"<p>O tribunal de segunda inst\u00e2ncia havia admitido a penhora, por entender que o credor n\u00e3o poderia ser prejudicado por uma situa\u00e7\u00e3o familiar superveniente e desconhecida \u00e0 \u00e9poca da constitui\u00e7\u00e3o da garantia.<\/p>\n","protected":false},"author":0,"featured_media":0,"comment_status":"open","ping_status":"open","sticky":false,"template":"","format":"standard","meta":[],"categories":[1],"tags":[],"_links":{"self":[{"href":"https:\/\/aprimora.site\/carvalhoalmeidaadvogados\/wp-json\/wp\/v2\/posts\/19760"}],"collection":[{"href":"https:\/\/aprimora.site\/carvalhoalmeidaadvogados\/wp-json\/wp\/v2\/posts"}],"about":[{"href":"https:\/\/aprimora.site\/carvalhoalmeidaadvogados\/wp-json\/wp\/v2\/types\/post"}],"replies":[{"embeddable":true,"href":"https:\/\/aprimora.site\/carvalhoalmeidaadvogados\/wp-json\/wp\/v2\/comments?post=19760"}],"version-history":[{"count":0,"href":"https:\/\/aprimora.site\/carvalhoalmeidaadvogados\/wp-json\/wp\/v2\/posts\/19760\/revisions"}],"wp:attachment":[{"href":"https:\/\/aprimora.site\/carvalhoalmeidaadvogados\/wp-json\/wp\/v2\/media?parent=19760"}],"wp:term":[{"taxonomy":"category","embeddable":true,"href":"https:\/\/aprimora.site\/carvalhoalmeidaadvogados\/wp-json\/wp\/v2\/categories?post=19760"},{"taxonomy":"post_tag","embeddable":true,"href":"https:\/\/aprimora.site\/carvalhoalmeidaadvogados\/wp-json\/wp\/v2\/tags?post=19760"}],"curies":[{"name":"wp","href":"https:\/\/api.w.org\/{rel}","templated":true}]}}