{"id":19738,"date":"2026-01-12T08:06:49","date_gmt":"2026-01-12T11:06:49","guid":{"rendered":"https:\/\/aprimora.site\/carvalhoalmeidaadvogados\/2026\/01\/12\/plataforma-nacional-sobre-demandas-de-medicamentos-no-sus-entra-na-ultima-fase-de-testes\/"},"modified":"2026-01-12T08:06:49","modified_gmt":"2026-01-12T11:06:49","slug":"plataforma-nacional-sobre-demandas-de-medicamentos-no-sus-entra-na-ultima-fase-de-testes","status":"publish","type":"post","link":"https:\/\/aprimora.site\/carvalhoalmeidaadvogados\/2026\/01\/12\/plataforma-nacional-sobre-demandas-de-medicamentos-no-sus-entra-na-ultima-fase-de-testes\/","title":{"rendered":"Plataforma nacional sobre demandas de medicamentos no SUS entra na \u00faltima fase de testes"},"content":{"rendered":"<p>O Supremo Tribunal Federal (<a href=\"https:\/\/www.jota.info\/tudo-sobre\/STF\">STF<\/a>) entregou ao CNJ, em 29\/12, a Plataforma Nacional de Sa\u00fade (MedSUS). Resultado de um processo de desenvolvimento de 14 meses, a ferramenta, criada pela equipe do TRF4, pretende identificar o caminho da dispensa\u00e7\u00e3o de medicamentos no Sistema \u00danico de Sa\u00fade (<a href=\"https:\/\/www.jota.info\/tudo-sobre\/SUS\">SUS<\/a>).<\/p>\n<p>A ideia \u00e9 reunir desde dados sobre o m\u00e9dico prescritor e do paciente at\u00e9 o controle de estoques e decis\u00f5es administrativas que possam servir de subs\u00eddio para decis\u00f5es judiciais.<\/p>\n<p class=\"jota-cta\"><a href=\"https:\/\/www.jota.info\/produtos\/saude?utm_source=cta-site&amp;utm_medium=site&amp;utm_campaign=campanha_saude_q2&amp;utm_id=cta_texto_saude_q2_2023&amp;utm_term=cta_texto_saude&amp;utm_term=cta_texto_saude_meio_materias\">Esta reportagem foi antecipada para os assinantes <span class=\"jota\">JOTA<\/span> PRO Sa\u00fade no dia 8\/1. Com not\u00edcias da Anvisa e da ANS, nosso servi\u00e7o entrega previsibilidade e transpar\u00eancia para empresas do setor. Conhe\u00e7a!<\/a><\/p>\n<p>O projeto pretende corrigir as lacunas de informa\u00e7\u00f5es sobre o andamento dos pedidos administrativos de medicamentos. A expectativa \u00e9 garantir racionalidade no fluxo de dados antes que as demandas alcancem a esfera judicial.<\/p>\n<p>A cria\u00e7\u00e3o da plataforma foi prevista no julgamento do Tema 1234, do STF. Sua estrutura re\u00fane dados oficiais, como os existentes no Ontologia Brasileira de Medicamentos (OBM), o Cadastro Nacional de Sa\u00fade (CNS) e a tabela de pre\u00e7os da CMED\/Anvisa.<\/p>\n<p>Com a transfer\u00eancia oficial da vers\u00e3o beta \u2014 a \u00faltima fase de testes antes do lan\u00e7amento definitivo \u2014, caber\u00e1 ao CNJ a gest\u00e3o da governan\u00e7a e a defini\u00e7\u00e3o das regras de neg\u00f3cio, fluxos de trabalho e prazos de resposta que reger\u00e3o a ferramenta.<\/p>\n<p>Infogr\u00e1fico: Chris Moreira | Fonte: TRF4\/STF<\/p>\n<h2>O que vem pela frente<\/h2>\n<p>A plataforma passa pelo est\u00e1gio de transi\u00e7\u00e3o. A coordena\u00e7\u00e3o, at\u00e9 agora feita pelo STF, j\u00e1 foi transferida para o CNJ, cabendo agora ao Supremo apenas o monitoramento.<\/p>\n<p>O CNJ dever\u00e1 realizar testes de usabilidade \u2014 quando usu\u00e1rios reais interagem com o sistema para verificar eventuais problemas e pontos de melhoria.<\/p>\n<p>Tamb\u00e9m est\u00e1 prevista a organiza\u00e7\u00e3o da estrutura de governan\u00e7a definitiva, integrando o Minist\u00e9rio da Sa\u00fade, secretarias de sa\u00fade, ag\u00eancias reguladoras e o Conselho Federal de Medicina (CFM).<\/p>\n<p>N\u00e3o h\u00e1 data definida para o t\u00e9rmino desta etapa. Embora a vers\u00e3o entregue seja funcional, a aplica\u00e7\u00e3o plena em escala nacional depende da publica\u00e7\u00e3o das instru\u00e7\u00f5es de opera\u00e7\u00e3o da plataforma e dos prazos de resposta pelo CNJ, sob supervis\u00e3o cont\u00ednua do STF.<\/p>\n<p>O prazo para o cumprimento deste est\u00e1gio ainda n\u00e3o foi acertado.<\/p>\n<h2>Por que ela foi criada<\/h2>\n<p>A cria\u00e7\u00e3o da plataforma atende \u00e0 necessidade de identificar o respons\u00e1vel pelo custeio e fornecimento de medicamentos, baseando-se em responsabilidades definidas em autocomposi\u00e7\u00e3o entre os entes federativos.<\/p>\n<p>O sistema foi projetado para ser um indutor de comportamentos, reduzindo a judicializa\u00e7\u00e3o ao exigir que toda prescri\u00e7\u00e3o fora das pol\u00edticas p\u00fablicas seja fundamentada tecnicamente desde o in\u00edcio.<\/p>\n<p>Al\u00e9m disso, permite o monitoramento cl\u00ednico dos pacientes e a an\u00e1lise da efici\u00eancia econ\u00f4mica do gasto p\u00fablico.<\/p>\n<h2>Especifica\u00e7\u00f5es t\u00e9cnicas<\/h2>\n<p><strong>Integra\u00e7\u00e3o autom\u00e1tica<\/strong><\/p>\n<p>Sincronismo constante com fontes oficiais para evitar erros<br \/>\nhumanos no preenchimento de dados de medicamentos e<br \/>\nestabelecimentos.<\/p>\n<p><strong>C\u00e1lculo de compet\u00eancia<\/strong><\/p>\n<p>O sistema calcula o valor anual do tratamento e redireciona<br \/>\nautomaticamente a responsabilidade para a Uni\u00e3o caso o<br \/>\ncusto exceda 210 sal\u00e1rios m\u00ednimos. Se o custo for menor, a<br \/>\ndemanda \u00e9 direcionada ao estado ou munic\u00edpio, conforme<br \/>\npactua\u00e7\u00e3o.<\/p>\n<p><strong>Seguran\u00e7a e auditoria<\/strong><\/p>\n<p>Rastreabilidade completa via logs de eventos, registrando o<br \/>\nhor\u00e1rio, a m\u00e1quina e o CPF de cada usu\u00e1rio (m\u00e9dico, gestor<br \/>\nou magistrado) que acessar dados sens\u00edveis, em<br \/>\nconformidade com a LGPD.<\/p>\n<p><strong>Interfaces segmentadas<\/strong><\/p>\n<p>Telas espec\u00edficas para diferentes perfis de acesso, incluindo<br \/>\num m\u00f3dulo administrativo para registro de atos<br \/>\nadministrativos detalhados em casos de negativa de<br \/>\nfornecimento.<\/p>\n<p>Infogr\u00e1fico: Chris Moreira | Fonte: TRF4\/STF<\/p>\n<h2>Impacto<\/h2>\n<p>Espera-se que a plataforma funcione como uma ferramenta pedag\u00f3gica, informando ao prescritor sobre os crit\u00e9rios dos Protocolos Cl\u00ednicos e Diretrizes Terap\u00eauticas (PCDT) no ato do atendimento.<\/p>\n<p>O impacto direto inclui a padroniza\u00e7\u00e3o das respostas administrativas e a facilita\u00e7\u00e3o do controle judicial, permitindo que magistrados consultem atas de registro de pre\u00e7o para assegurar a economicidade do er\u00e1rio. A longo prazo, o sistema visa garantir a sustentabilidade do SUS atrav\u00e9s de dados consolidados e seguros.<\/p>","protected":false},"excerpt":{"rendered":"<p>O Supremo Tribunal Federal (STF) entregou ao CNJ, em 29\/12, a Plataforma Nacional de Sa\u00fade (MedSUS). Resultado de um processo de desenvolvimento de 14 meses, a ferramenta, criada pela equipe do TRF4, pretende identificar o caminho da dispensa\u00e7\u00e3o de medicamentos no Sistema \u00danico de Sa\u00fade (SUS). A ideia \u00e9 reunir desde dados sobre o m\u00e9dico [&hellip;]<\/p>\n","protected":false},"author":0,"featured_media":0,"comment_status":"open","ping_status":"open","sticky":false,"template":"","format":"standard","meta":[],"categories":[1],"tags":[],"_links":{"self":[{"href":"https:\/\/aprimora.site\/carvalhoalmeidaadvogados\/wp-json\/wp\/v2\/posts\/19738"}],"collection":[{"href":"https:\/\/aprimora.site\/carvalhoalmeidaadvogados\/wp-json\/wp\/v2\/posts"}],"about":[{"href":"https:\/\/aprimora.site\/carvalhoalmeidaadvogados\/wp-json\/wp\/v2\/types\/post"}],"replies":[{"embeddable":true,"href":"https:\/\/aprimora.site\/carvalhoalmeidaadvogados\/wp-json\/wp\/v2\/comments?post=19738"}],"version-history":[{"count":0,"href":"https:\/\/aprimora.site\/carvalhoalmeidaadvogados\/wp-json\/wp\/v2\/posts\/19738\/revisions"}],"wp:attachment":[{"href":"https:\/\/aprimora.site\/carvalhoalmeidaadvogados\/wp-json\/wp\/v2\/media?parent=19738"}],"wp:term":[{"taxonomy":"category","embeddable":true,"href":"https:\/\/aprimora.site\/carvalhoalmeidaadvogados\/wp-json\/wp\/v2\/categories?post=19738"},{"taxonomy":"post_tag","embeddable":true,"href":"https:\/\/aprimora.site\/carvalhoalmeidaadvogados\/wp-json\/wp\/v2\/tags?post=19738"}],"curies":[{"name":"wp","href":"https:\/\/api.w.org\/{rel}","templated":true}]}}