{"id":19718,"date":"2026-01-09T19:25:15","date_gmt":"2026-01-09T22:25:15","guid":{"rendered":"https:\/\/aprimora.site\/carvalhoalmeidaadvogados\/2026\/01\/09\/inflacao-de-2025-fecha-em-426-abaixo-do-teto-da-meta-e-a-menor-em-seis-anos\/"},"modified":"2026-01-09T19:25:15","modified_gmt":"2026-01-09T22:25:15","slug":"inflacao-de-2025-fecha-em-426-abaixo-do-teto-da-meta-e-a-menor-em-seis-anos","status":"publish","type":"post","link":"https:\/\/aprimora.site\/carvalhoalmeidaadvogados\/2026\/01\/09\/inflacao-de-2025-fecha-em-426-abaixo-do-teto-da-meta-e-a-menor-em-seis-anos\/","title":{"rendered":"Infla\u00e7\u00e3o de 2025 fecha em 4,26%, abaixo do teto da meta e a menor em seis anos"},"content":{"rendered":"<p>O Instituto Brasileiro de Geografia e Estat\u00edstica (<a href=\"https:\/\/www.jota.info\/tudo-sobre\/IBGE\">IBGE<\/a>) informou nesta sexta-feira (9\/1) que a infla\u00e7\u00e3o acumulada em 2025 foi de 4,26%, a menor alta anual do \u00cdndice Nacional de Pre\u00e7os ao Consumidor Amplo (<a href=\"https:\/\/www.jota.info\/tudo-sobre\/IPCA\">IPCA<\/a>) desde 2018 \u2014 quando fechou em 3,75%. A cifra ficou acima da meta de 3%, mas abaixo do teto de 4,5%.<\/p>\n<p>Em 2024, o IPCA havia fechado em 4,83%, acima do teto da meta, com a infla\u00e7\u00e3o de alimentos em domic\u00edlio \u2014 8,23% ao longo de 12 meses \u2014 pressionando o \u00edndice global para cima. Em 2025, a infla\u00e7\u00e3o desse grupo desacelerou para 1,43% em 12 meses, o que se refletiu no resultado do IPCA.<\/p>\n<p class=\"jota-cta\"><a href=\"https:\/\/www.jota.info\/produtos\/poder?utm_source=cta-site&amp;utm_medium=site&amp;utm_campaign=campanha_poder_q2&amp;utm_id=cta_texto_poder_q2_2023&amp;utm_term=cta_texto_poder&amp;utm_term=cta_texto_poder_meio_materias\"><span>Conhe\u00e7a o <span class=\"jota\">JOTA<\/span> PRO Poder, plataforma de monitoramento que oferece transpar\u00eancia e previsibilidade para empresas<\/span><\/a><\/p>\n<p>A varia\u00e7\u00e3o da infla\u00e7\u00e3o de dezembro de 2025 ficou em 0,33%. Apesar de corresponder a uma alta comparado aos meses de novembro (0,18%) e outubro (0,09%), responde tamb\u00e9m \u00e0 menor varia\u00e7\u00e3o para o m\u00eas desde 2018 (0,15%). No mesmo m\u00eas de 2024, a varia\u00e7\u00e3o foi de 0,52%.<\/p>\n<p>A alta acumulada de 4,26% vai contra as proje\u00e7\u00f5es do mercado financeiro ao longo do ano passado. Um levantamento divulgado em janeiro de 2025 pelo Banco Central no Boletim Focus, relat\u00f3rio com o resumo das expectativas de mercado a respeito de alguns indicadores da economia brasileira, mostrou que a previs\u00e3o era de que a infla\u00e7\u00e3o fechasse o ano em 4,99%. Em mar\u00e7o, o relat\u00f3rio apontou que a expectativa era que o ano encerrasse com infla\u00e7\u00e3o de 5,68%. Em julho, a proje\u00e7\u00e3o foi reduzida para 5,10%, seguida por 4,56% em outubro e 4,33% em dezembro.<\/p>\n<p>O IPCA de 2025 \u00e9 o quinto menor para um ano-calend\u00e1rio desde o in\u00edcio do Plano Real. Valores inferiores a 4,26% foram observados em 1998 (1,65%), 2017 (2,95%), 2006 (3,14%) e 2018 (3,75%).<\/p>\n<h2>Meta cont\u00ednua de infla\u00e7\u00e3o<\/h2>\n<p>Cabe destacar, por\u00e9m, que 2025 foi o primeiro ano em que o Banco Central passou a perseguir a meta de infla\u00e7\u00e3o de maneira cont\u00ednua, abandonando o ano-calend\u00e1rio como refer\u00eancia. Nesse m\u00e9todo, leva-se em conta o IPCA acumulado nos \u00faltimos 12 meses na an\u00e1lise mensal do \u00edndice de pre\u00e7os. O objetivo \u00e9 descumprido quando a infla\u00e7\u00e3o acumulada permanece por seis meses seguidos fora do intervalo de toler\u00e2ncia de 1,5%. Como o centro da meta \u00e9 3%, o piso \u00e9 de 1,5% e o teto, de 4,5%.<\/p>\n<div class=\"g-Layer_4 g-aiAbs g-aiPointText\">\n<p>Com isso, o Banco Central estourou a meta cont\u00ednua pela primeira vez em junho de 2025, ap\u00f3s o IPCA acumulado estourar o teto da meta por seis meses seguidos. A partir de novembro do ano passado, por\u00e9m, o \u00edndice voltou a ficar abaixo do teto.<\/p>\n<h2>Infla\u00e7\u00e3o em mandatos presidenciais<\/h2>\n<\/div>\n<p>Desde que o regime de metas para infla\u00e7\u00e3o entrou em vigor, o menor resultado acumulado em um mandato presidencial ocorreu sob o segundo ciclo de <a href=\"https:\/\/www.jota.info\/tudo-sobre\/lula\">Luiz In\u00e1cio Lula da Silva<\/a> (PT) na Presid\u00eancia. No acumulado de 2006 a 2010, o IPCA foi 22,21%.<\/p>\n<p>1995-1998 (FHC 1) \u2013 43,46%<br \/>\n1999-2002 (FHC 2) \u2013 39,88%<br \/>\n2003-2006 (Lula 1) \u2013 28,2%<br \/>\n2007-2010 (Lula 2) \u2013 22,21%<br \/>\n2011-2014 (Dilma 1) \u2013 27,03%<br \/>\n2015-2018 (Dilma 2\/ Temer) \u2013 25,64%<br \/>\n2019-2022 (Bolsonaro) \u2013 26,93%<\/p>\n<p>Em 2023, primeiro ano do terceiro mandato de Lula, a infla\u00e7\u00e3o acumulada fechou em 4,62%. Em 2024, o \u00edndice ficou em 4,83%. Em 2025, 4,26%. De acordo com o Boletim Focus divulgado na \u00faltima segunda-feira (5\/1), a expectativa do mercado para 2026 \u00e9 de alta acumulada de 4,06%, tamb\u00e9m abaixo do teto da meta. Assim, caso essa expectativa se confirme, o IPCA acumulado ao longo de quatro anos ficar\u00e1 em torno de 19%, o menor \u00edndice em um mandato presidencial desde o in\u00edcio do Plano Real.<\/p>\n<p>Para os anos seguintes, a proje\u00e7\u00e3o de infla\u00e7\u00e3o para 2027 segue est\u00e1vel em 3,8% h\u00e1 nove semanas, e a proje\u00e7\u00e3o para 2028 permanece em 3,5%, tamb\u00e9m sem altera\u00e7\u00f5es no mesmo per\u00edodo.<\/p>","protected":false},"excerpt":{"rendered":"<p>O Instituto Brasileiro de Geografia e Estat\u00edstica (IBGE) informou nesta sexta-feira (9\/1) que a infla\u00e7\u00e3o acumulada em 2025 foi de 4,26%, a menor alta anual do \u00cdndice Nacional de Pre\u00e7os ao Consumidor Amplo (IPCA) desde 2018 \u2014 quando fechou em 3,75%. A cifra ficou acima da meta de 3%, mas abaixo do teto de 4,5%. [&hellip;]<\/p>\n","protected":false},"author":0,"featured_media":0,"comment_status":"open","ping_status":"open","sticky":false,"template":"","format":"standard","meta":[],"categories":[1],"tags":[],"_links":{"self":[{"href":"https:\/\/aprimora.site\/carvalhoalmeidaadvogados\/wp-json\/wp\/v2\/posts\/19718"}],"collection":[{"href":"https:\/\/aprimora.site\/carvalhoalmeidaadvogados\/wp-json\/wp\/v2\/posts"}],"about":[{"href":"https:\/\/aprimora.site\/carvalhoalmeidaadvogados\/wp-json\/wp\/v2\/types\/post"}],"replies":[{"embeddable":true,"href":"https:\/\/aprimora.site\/carvalhoalmeidaadvogados\/wp-json\/wp\/v2\/comments?post=19718"}],"version-history":[{"count":0,"href":"https:\/\/aprimora.site\/carvalhoalmeidaadvogados\/wp-json\/wp\/v2\/posts\/19718\/revisions"}],"wp:attachment":[{"href":"https:\/\/aprimora.site\/carvalhoalmeidaadvogados\/wp-json\/wp\/v2\/media?parent=19718"}],"wp:term":[{"taxonomy":"category","embeddable":true,"href":"https:\/\/aprimora.site\/carvalhoalmeidaadvogados\/wp-json\/wp\/v2\/categories?post=19718"},{"taxonomy":"post_tag","embeddable":true,"href":"https:\/\/aprimora.site\/carvalhoalmeidaadvogados\/wp-json\/wp\/v2\/tags?post=19718"}],"curies":[{"name":"wp","href":"https:\/\/api.w.org\/{rel}","templated":true}]}}