{"id":19621,"date":"2026-01-05T05:58:27","date_gmt":"2026-01-05T08:58:27","guid":{"rendered":"https:\/\/aprimora.site\/carvalhoalmeidaadvogados\/2026\/01\/05\/a-advocacia-na-economia-da-atencao\/"},"modified":"2026-01-05T05:58:27","modified_gmt":"2026-01-05T08:58:27","slug":"a-advocacia-na-economia-da-atencao","status":"publish","type":"post","link":"https:\/\/aprimora.site\/carvalhoalmeidaadvogados\/2026\/01\/05\/a-advocacia-na-economia-da-atencao\/","title":{"rendered":"A advocacia na economia da aten\u00e7\u00e3o"},"content":{"rendered":"<p>Ao longo de quase quatro d\u00e9cadas de advocacia, vivenciei mudan\u00e7as profundas na profiss\u00e3o. Algumas foram ruidosas: uma nova Constitui\u00e7\u00e3o, a expans\u00e3o do sistema judicial, mais de um milh\u00e3o de colegas, o surgimento das ag\u00eancias reguladoras, a multiplica\u00e7\u00e3o de leis e de meios de comunica\u00e7\u00e3o. Estas s\u00e3o mais f\u00e1ceis de visualizar e manejar.<\/p>\n<p>Outras, todavia, se impuseram de modo bastante mais discreto e, justamente por isso, talvez tenham sido mais determinantes. Entre estas \u00faltimas, nenhuma me parece t\u00e3o significativa quanto a altera\u00e7\u00e3o da forma como lidamos com a informa\u00e7\u00e3o e, sobretudo, com a aten\u00e7\u00e3o. Ou, mais exatamente, a passagem da aten\u00e7\u00e3o de condi\u00e7\u00e3o do trabalho intelectual a objeto de apropria\u00e7\u00e3o econ\u00f4mica.<\/p>\n<p class=\"jota-cta\"><a href=\"https:\/\/www.jota.info\/produtos\/poder?utm_source=cta-site&amp;utm_medium=site&amp;utm_campaign=campanha_poder_q2&amp;utm_id=cta_texto_poder_q2_2023&amp;utm_term=cta_texto_poder&amp;utm_term=cta_texto_poder_meio_materias\"><span>Conhe\u00e7a o <span class=\"jota\">JOTA<\/span> PRO Poder, plataforma de monitoramento que oferece transpar\u00eancia e previsibilidade para empresas<\/span><\/a><\/p>\n<p>Durante muito tempo, a aten\u00e7\u00e3o era apenas o pressuposto silencioso da atividade intelectual. Hoje, ela passou a ser disputada, organizada e monetizada. Fala-se em economia da aten\u00e7\u00e3o quando o valor econ\u00f4mico se desloca da informa\u00e7\u00e3o em si para a capacidade de capturar e manter a aten\u00e7\u00e3o dos indiv\u00edduos. Plataformas digitais, algoritmos e sistemas de intelig\u00eancia artificial estruturam fluxos informacionais n\u00e3o com vistas \u00e0 compreens\u00e3o, mas para reter continuamente o tempo mental dos usu\u00e1rios. O crit\u00e9rio dominante deixou de ser o esclarecimento e passou a ser o engajamento. A advocacia n\u00e3o \u00e9 \u2013 e nem pode ser \u2013 indiferente a essa muta\u00e7\u00e3o estrutural.<\/p>\n<p>Afinal, nunca foi t\u00e3o simples acessar informa\u00e7\u00f5es jur\u00eddicas. Leis, precedentes, votos, pareceres e textos doutrin\u00e1rios tornaram-se imediatamente dispon\u00edveis. Informa\u00e7\u00f5es nacionais e estrangeiras, presentes e passadas, encontram-se a um clique de dist\u00e2ncia. Ferramentas de busca avan\u00e7ada, jurimetria e sistemas de IA ampliaram esse acesso de maneira in\u00e9dita. O discurso que acompanha esse processo enfatiza efici\u00eancia e rapidez. O que raramente se examina \u00e9 o fato de que tais instrumentos operam em um ambiente que recompensa a rea\u00e7\u00e3o imediata e trata a demora reflexiva como inefici\u00eancia.<\/p>\n<p>A pr\u00e1tica profissional ensina, no entanto, que acesso n\u00e3o se confunde com compreens\u00e3o. No Direito, a velocidade pode at\u00e9 ser \u00fatil, mas tamb\u00e9m instala o risco de comprometer o julgamento. Por isso que tenho que a tecnologia s\u00f3 fortalece a advocacia quando \u00e9 manuseada com crit\u00e9rio. Ela \u00e9 valiosa para localizar informa\u00e7\u00f5es, organizar dados e aliviar tarefas mec\u00e2nicas. N\u00e3o \u00e9 capaz, por\u00e9m, de substituir o n\u00facleo duro da profiss\u00e3o: a capacidade humana de efetivamente compreender o caso, formular hip\u00f3teses atributivas de sentido aos materiais dispon\u00edveis, confrontar alternativas incompat\u00edveis, avaliar consequ\u00eancias e responder pelas escolhas feitas.<\/p>\n<p>\u00c9 nesse ponto que a distin\u00e7\u00e3o entre informa\u00e7\u00e3o e forma\u00e7\u00e3o ganha relev\u00e2ncia concreta. A informa\u00e7\u00e3o \u00e9 cumulativa e n\u00e3o decorre apenas da procura, mas tamb\u00e9m da oferta que a estrutura, a orienta e, muitas vezes, a induz. Em contrapartida, a forma\u00e7\u00e3o \u00e9 seletiva e consiste justamente na capacidade de dissociar, hierarquizar e recompor as informa\u00e7\u00f5es dispon\u00edveis. No exerc\u00edcio da advocacia, essa distin\u00e7\u00e3o tem car\u00e1ter operativo, eis que a identifica\u00e7\u00e3o de normas, cita\u00e7\u00f5es doutrin\u00e1rias ou precedentes \u00e9 apenas a antessala.<\/p>\n<p>O trabalho jur\u00eddico propriamente dito come\u00e7a quando o advogado raciocina e decide o que merece ser considerado, o que deve ser descartado, qual tese \u00e9 defens\u00e1vel e qual, embora poss\u00edvel, n\u00e3o \u00e9 aceit\u00e1vel; quando escolhe uma estrat\u00e9gia que atenda ao interesse do cliente sem corroer a coer\u00eancia institucional do sistema jur\u00eddico. Quando, de posse das informa\u00e7\u00f5es, protege ativamente a \u00e9tica profissional.<\/p>\n<p>O desafio contempor\u00e2neo, portanto, n\u00e3o \u00e9 a escassez de informa\u00e7\u00e3o, mas o seu excesso indiferenciado. Quando tudo parece igualmente relevante, o tudo equivale ao nada e o racioc\u00ednio perde dire\u00e7\u00e3o. Hoje \u00e9 trivial reunir, em poucos segundos, precedentes amplamente citados, acompanhados de ementas bem redigidas e at\u00e9 de pe\u00e7as processuais prontas. O verdadeiro trabalho come\u00e7a quando se pergunta por que certo entendimento se consolidou, em que contexto institucional foi afirmado, se responde efetivamente ao caso concreto ou apenas o recobre formalmente. Essa capacidade de discernimento \u00e9 o que permite que o excesso de informa\u00e7\u00f5es deixe de ser t\u00f3xico e se converta em uma solu\u00e7\u00e3o jur\u00eddica.<\/p>\n<p>Mais ainda: a advocacia come\u00e7a mesmo quando consegue identificar o bem jur\u00eddico que se busca preservar: dignidade?, legalidade?, seguran\u00e7a jur\u00eddica?, isonomia?, previsibilidade?, autoridade institucional? Dessas indaga\u00e7\u00f5es \u2013 e de sua combina\u00e7\u00e3o \u2013 depende a qualidade do trabalho jur\u00eddico. N\u00e3o h\u00e1 qualquer ferramenta tecnol\u00f3gica capaz de as responder por conta pr\u00f3pria, porque nenhuma assume o encargo da decis\u00e3o.<\/p>\n<p>Esse deslocamento ajuda a compreender um aspecto central do momento atual. O problema n\u00e3o \u00e9 a diminui\u00e7\u00e3o da capacidade intelectual, mas a efetiva altera\u00e7\u00e3o do regime de aten\u00e7\u00e3o. A leitura fragmentada, a confian\u00e7a excessiva em resumos e ementas, a replica\u00e7\u00e3o autom\u00e1tica de argumentos e a delega\u00e7\u00e3o acr\u00edtica do racioc\u00ednio n\u00e3o eliminam a intelig\u00eancia, mas reduzem a densidade do pensamento. Tornam mais f\u00e1cil \u2013 e bem mais tentador \u2013 obter resultados imediatos, ainda que acompanhados do risco de que eles tragam consigo alucina\u00e7\u00f5es digitais.<\/p>\n<p class=\"jota-cta\"><a href=\"https:\/\/conteudo.jota.info\/marketing-lp-newsletter-ultimas-noticias?utm_source=jota&amp;utm_medium=lp&amp;utm_campaign=23-09-2024-jota-lp-eleicoes-2024-eleicoes-2024-none-audiencias-none&amp;utm_content=eleicoes-2024&amp;utm_term=none\"><span>Assine gratuitamente a newsletter \u00daltimas Not\u00edcias do <span class=\"jota\">JOTA<\/span> e receba as principais not\u00edcias jur\u00eddicas e pol\u00edticas do dia no seu email<\/span><\/a><\/p>\n<p>No Direito, essa redu\u00e7\u00e3o \u00e9 particularmente sens\u00edvel. O racioc\u00ednio jur\u00eddico exige encadeamento l\u00f3gico, mem\u00f3ria institucional, aten\u00e7\u00e3o \u00e0s exce\u00e7\u00f5es e sensibilidade \u00e0s consequ\u00eancias. Quando a aten\u00e7\u00e3o se torna escassa (em vista do excesso de oferta do produto \u201cinforma\u00e7\u00e3o\u201d), o julgamento tende a ser substitu\u00eddo pela repeti\u00e7\u00e3o acr\u00edtica. Esse \u00e9 um problema que necessita ser levado \u00e0 luz e enfrentado.<\/p>\n<p>Depois de tantos anos de advocacia, parece-me que a profiss\u00e3o n\u00e3o enfrenta uma amea\u00e7a tecnol\u00f3gica propriamente dita. O risco est\u00e1 na incorpora\u00e7\u00e3o impensada de um ambiente que transforma a aten\u00e7\u00e3o em mercadoria e relega o julgamento a um papel secund\u00e1rio. A tecnologia que realmente serve ao Direito \u00e9 aquela que libera tempo e concentra\u00e7\u00e3o para aquilo que permanece insubstitu\u00edvel: decidir com responsabilidade.<\/p>","protected":false},"excerpt":{"rendered":"<p>Ao longo de quase quatro d\u00e9cadas de advocacia, vivenciei mudan\u00e7as profundas na profiss\u00e3o. Algumas foram ruidosas: uma nova Constitui\u00e7\u00e3o, a expans\u00e3o do sistema judicial, mais de um milh\u00e3o de colegas, o surgimento das ag\u00eancias reguladoras, a multiplica\u00e7\u00e3o de leis e de meios de comunica\u00e7\u00e3o. Estas s\u00e3o mais f\u00e1ceis de visualizar e manejar. Outras, todavia, se [&hellip;]<\/p>\n","protected":false},"author":0,"featured_media":0,"comment_status":"open","ping_status":"open","sticky":false,"template":"","format":"standard","meta":[],"categories":[1],"tags":[],"_links":{"self":[{"href":"https:\/\/aprimora.site\/carvalhoalmeidaadvogados\/wp-json\/wp\/v2\/posts\/19621"}],"collection":[{"href":"https:\/\/aprimora.site\/carvalhoalmeidaadvogados\/wp-json\/wp\/v2\/posts"}],"about":[{"href":"https:\/\/aprimora.site\/carvalhoalmeidaadvogados\/wp-json\/wp\/v2\/types\/post"}],"replies":[{"embeddable":true,"href":"https:\/\/aprimora.site\/carvalhoalmeidaadvogados\/wp-json\/wp\/v2\/comments?post=19621"}],"version-history":[{"count":0,"href":"https:\/\/aprimora.site\/carvalhoalmeidaadvogados\/wp-json\/wp\/v2\/posts\/19621\/revisions"}],"wp:attachment":[{"href":"https:\/\/aprimora.site\/carvalhoalmeidaadvogados\/wp-json\/wp\/v2\/media?parent=19621"}],"wp:term":[{"taxonomy":"category","embeddable":true,"href":"https:\/\/aprimora.site\/carvalhoalmeidaadvogados\/wp-json\/wp\/v2\/categories?post=19621"},{"taxonomy":"post_tag","embeddable":true,"href":"https:\/\/aprimora.site\/carvalhoalmeidaadvogados\/wp-json\/wp\/v2\/tags?post=19621"}],"curies":[{"name":"wp","href":"https:\/\/api.w.org\/{rel}","templated":true}]}}