{"id":19615,"date":"2026-01-04T13:15:53","date_gmt":"2026-01-04T16:15:53","guid":{"rendered":"https:\/\/aprimora.site\/carvalhoalmeidaadvogados\/2026\/01\/04\/planalto-cre-que-vice-de-maduro-continuara-no-poder-e-ve-oposicao-dividida-sobre-venezuela\/"},"modified":"2026-01-04T13:15:53","modified_gmt":"2026-01-04T16:15:53","slug":"planalto-cre-que-vice-de-maduro-continuara-no-poder-e-ve-oposicao-dividida-sobre-venezuela","status":"publish","type":"post","link":"https:\/\/aprimora.site\/carvalhoalmeidaadvogados\/2026\/01\/04\/planalto-cre-que-vice-de-maduro-continuara-no-poder-e-ve-oposicao-dividida-sobre-venezuela\/","title":{"rendered":"Planalto cr\u00ea que vice de Maduro continuar\u00e1 no poder e v\u00ea oposi\u00e7\u00e3o dividida sobre Venezuela"},"content":{"rendered":"<p>Em reuni\u00e3o no Pal\u00e1cio Itamaraty na tarde deste s\u00e1bado (3\/1), auxiliares do presidente Lula passaram a limpo a situa\u00e7\u00e3o na Venezuela e tamb\u00e9m analisaram os impactos da a\u00e7\u00e3o capitaneada pelo presidente americano Donald Trump n\u00e3o somente na quest\u00e3o das fronteiras com o pa\u00eds vizinho e na geopol\u00edtica regional, mas tamb\u00e9m na pol\u00edtica interna brasileira.<\/p>\n<p>Lula participou de maneira remota, assim como os ministros Rui Costa (Casa Civil), Sid\u00f4nio Palmeira (Secom) e Ricardo Lewandowski (Justi\u00e7a); a secret\u00e1ria-geral do Itamaraty, Maria Laura da Rocha, representou o Minist\u00e9rio das Rela\u00e7\u00f5es Exteriores, uma vez que o chanceler Mauro Vieira estava em voo.<\/p>\n<p>Uma avalia\u00e7\u00e3o que Lula ouviu de sua equipe foi que Delci Rodriguez, vice do capturado Nicol\u00e1s Maduro, dever\u00e1 permanecer no poder. A conclus\u00e3o foi tirada das declara\u00e7\u00f5es dadas horas antes por Trump, em entrevista coletiva em Washington.<\/p>\n<p>Trump apontou Delci como interlocutora em Caracas, afirmando que ela \u201cfar\u00e1 o que os EUA quiserem\u201d, embora tenha dito sem detalhar que seu pa\u00eds \u201cgovernar\u00e1\u201d a Venezuela e que \u201ccontinuar\u00e1 l\u00e1 at\u00e9 a transi\u00e7\u00e3o apropriada acontecer\u201d. O presidente americano tamb\u00e9m descartou colocar a opositora e Nobel da Paz Maria Corina Machado \u00e0 frente do Pal\u00e1cio Miraflores, dizendo que ela n\u00e3o tem a \u201clideran\u00e7a\u201d e o \u201crespeito\u201d necess\u00e1rios para comandar o pa\u00eds.<\/p>\n<p>O Planalto ainda tenta entender as reais circunst\u00e2ncias em que se deu a captura de Maduro. V\u00e1rias hip\u00f3teses est\u00e3o sendo consideradas, inclusive a de que teria havido um acordo com o pr\u00f3prio l\u00edder venezuelano para que ele se entregasse. Tampouco est\u00e1 claro qual \u00e9 o plano de Trump para o p\u00f3s-Maduro, e se ele de fato tem um. Assim, o governo Lula est\u00e1 em compasso de espera para saber como se posicionar.<\/p>\n<p>At\u00e9 o momento, a postura de Lula tem sido de cautela.<\/p>\n<p>Ele se manifestou de maneira cr\u00edtica \u00e0 interven\u00e7\u00e3o americana, mas n\u00e3o citou nem Trump nem os EUA em sua postagem nas redes sociais. Isso parte da avalia\u00e7\u00e3o de que \u00e9 preciso ter cuidado para n\u00e3o azedar a rela\u00e7\u00e3o com o presidente americano, depois de uma dif\u00edcil aproxima\u00e7\u00e3o iniciada em setembro na Assembleia-Geral da ONU.<\/p>\n<p>O tema deve ser discutido em uma reuni\u00e3o ministerial de emerg\u00eancia neste domingo da Celac (Comunidade dos Estados Latino-Americanos e Caribenhos), \u00e0s 14 horas de Bras\u00edlia. Apesar da expectativa de que saia do encontro uma declara\u00e7\u00e3o cr\u00edtica \u00e0 opera\u00e7\u00e3o americana, gumas fontes em Bras\u00edlia acreditam que o encontro escancarar\u00e1 as divis\u00f5es na regi\u00e3o, que recentemente testemunhou um crescimento de governos de direita e extrema-direita.<\/p>\n<p>Na segunda, o Brasil deve participar de uma reuni\u00e3o aberta do Conselho de Seguran\u00e7a da ONU para discutir o assunto.<\/p>\n<p>Lula se manifestou mais cedo de maneira cr\u00edtica \u00e0 a\u00e7\u00e3o americana, dizendo que ela ultrapassa \u201cuma linha inaceit\u00e1vel\u201d, representa uma \u201cafronta grav\u00edssima \u00e0 soberania da Venezuela\u201d e \u201cum precedente extremamente perigoso\u201d.<\/p>\n<p>Em conversas anteriores, ele j\u00e1 havia se colocado \u00e0 disposi\u00e7\u00e3o tanto a Trump como a Maduro para mediar o conflito, oferta recebida sem nenhum entusiasmo por parte de ambos.<\/p>\n<p>A jornalistas neste s\u00e1bado, Maria Laura Carneiro disse que n\u00e3o cabe ao Brasil fazer nenhum tipo de contato com o governo americano neste momento.<\/p>\n<h2>Pol\u00edtica interna<\/h2>\n<p>Fontes que participaram da reuni\u00e3o disseram ao <strong><span class=\"jota\">JOTA<\/span><\/strong> que foram feitas tamb\u00e9m no encontro pondera\u00e7\u00f5es sobre as rea\u00e7\u00f5es dentro do Brasil sobre o epis\u00f3dio na Venezuela.<\/p>\n<p>O ministro Sid\u00f4nio Palmeira (Secom) avaliou como positiva, do ponto de vista do governo, a postura da imprensa e da opini\u00e3o p\u00fablica de uma maneira geral, que embora tenha ressalvas ao regime chavista, acabou condenando de maneira quase un\u00e2nime a a\u00e7\u00e3o militar americana que resultou na captura de Maduro.<\/p>\n<p>A postura dividida da oposi\u00e7\u00e3o diante do epis\u00f3dio tamb\u00e9m chamou a aten\u00e7\u00e3o de pessoas presentes ao encontro. O PSDB, por meio de A\u00e9cio Neves, e o governador do Rio Grande do Sul, Eduardo Leite (PSD-RS), se mostraram contr\u00e1rios a Trump. Enquanto outros governadores presidenci\u00e1veis Tarc\u00edsio de Freitas (Republicanos-SP), Ratinho Jr. (PSD-PR), Ronaldo Caiado (Uni\u00e3o-GO) e Romeu Zema (Novo-MG) aplaudiram a a\u00e7\u00e3o militar.<\/p>\n<p>A an\u00e1lise corrente no Pal\u00e1cio do Planalto \u00e9 que a Venezuela deve permanecer no debate eleitoral por pelo menos algum tempo. E que o tema pode ser delicado para Lula, por conta de seu alinhamento hist\u00f3rico com o chavismo \u2013 apesar do afastamento recente. No entanto, tamb\u00e9m h\u00e1 um potencial de Lula lucrar politicamente, caso se cristalize na popula\u00e7\u00e3o a percep\u00e7\u00e3o de que h\u00e1 um exagero da parte de Trump e que isso amea\u00e7a a soberania do Brasil, como no caso do \u201ctarifa\u00e7o\u201d.<\/p>\n<p>De qualquer maneira, a avalia\u00e7\u00e3o entre pessoas pr\u00f3ximas a Lula \u00e9 que a Venezuela, tema recorrente nas elei\u00e7\u00f5es brasileiras, estar\u00e1 ainda mais presente nos debates do pleito deste ano.<\/p>","protected":false},"excerpt":{"rendered":"<p>Em reuni\u00e3o no Pal\u00e1cio Itamaraty na tarde deste s\u00e1bado (3\/1), auxiliares do presidente Lula passaram a limpo a situa\u00e7\u00e3o na Venezuela e tamb\u00e9m analisaram os impactos da a\u00e7\u00e3o capitaneada pelo presidente americano Donald Trump n\u00e3o somente na quest\u00e3o das fronteiras com o pa\u00eds vizinho e na geopol\u00edtica regional, mas tamb\u00e9m na pol\u00edtica interna brasileira. Lula [&hellip;]<\/p>\n","protected":false},"author":0,"featured_media":0,"comment_status":"open","ping_status":"open","sticky":false,"template":"","format":"standard","meta":[],"categories":[1],"tags":[],"_links":{"self":[{"href":"https:\/\/aprimora.site\/carvalhoalmeidaadvogados\/wp-json\/wp\/v2\/posts\/19615"}],"collection":[{"href":"https:\/\/aprimora.site\/carvalhoalmeidaadvogados\/wp-json\/wp\/v2\/posts"}],"about":[{"href":"https:\/\/aprimora.site\/carvalhoalmeidaadvogados\/wp-json\/wp\/v2\/types\/post"}],"replies":[{"embeddable":true,"href":"https:\/\/aprimora.site\/carvalhoalmeidaadvogados\/wp-json\/wp\/v2\/comments?post=19615"}],"version-history":[{"count":0,"href":"https:\/\/aprimora.site\/carvalhoalmeidaadvogados\/wp-json\/wp\/v2\/posts\/19615\/revisions"}],"wp:attachment":[{"href":"https:\/\/aprimora.site\/carvalhoalmeidaadvogados\/wp-json\/wp\/v2\/media?parent=19615"}],"wp:term":[{"taxonomy":"category","embeddable":true,"href":"https:\/\/aprimora.site\/carvalhoalmeidaadvogados\/wp-json\/wp\/v2\/categories?post=19615"},{"taxonomy":"post_tag","embeddable":true,"href":"https:\/\/aprimora.site\/carvalhoalmeidaadvogados\/wp-json\/wp\/v2\/tags?post=19615"}],"curies":[{"name":"wp","href":"https:\/\/api.w.org\/{rel}","templated":true}]}}