{"id":19474,"date":"2025-12-24T08:01:55","date_gmt":"2025-12-24T11:01:55","guid":{"rendered":"https:\/\/aprimora.site\/carvalhoalmeidaadvogados\/2025\/12\/24\/tribunal-chega-a-marca-de-1-400-temas-repetitivos-e-bate-recorde-de-afetacoes-em-um-ano\/"},"modified":"2025-12-24T08:01:55","modified_gmt":"2025-12-24T11:01:55","slug":"tribunal-chega-a-marca-de-1-400-temas-repetitivos-e-bate-recorde-de-afetacoes-em-um-ano","status":"publish","type":"post","link":"https:\/\/aprimora.site\/carvalhoalmeidaadvogados\/2025\/12\/24\/tribunal-chega-a-marca-de-1-400-temas-repetitivos-e-bate-recorde-de-afetacoes-em-um-ano\/","title":{"rendered":"Tribunal chega \u00e0 marca de 1.400 temas repetitivos e bate recorde de afeta\u00e7\u00f5es em um ano"},"content":{"rendered":"<p>Tribunal chega \u00e0 marca de 1.400 temas repetitivos e bate recorde de afeta\u00e7\u00f5es em um ano<\/p>","protected":false},"excerpt":{"rendered":"<p>Tribunal chega \u00e0 marca de 1.400 temas repetitivos e bate recorde de afeta\u00e7\u00f5es em um ano<\/p>\n","protected":false},"author":0,"featured_media":0,"comment_status":"open","ping_status":"open","sticky":false,"template":"","format":"standard","meta":[],"categories":[1],"tags":[],"_links":{"self":[{"href":"https:\/\/aprimora.site\/carvalhoalmeidaadvogados\/wp-json\/wp\/v2\/posts\/19474"}],"collection":[{"href":"https:\/\/aprimora.site\/carvalhoalmeidaadvogados\/wp-json\/wp\/v2\/posts"}],"about":[{"href":"https:\/\/aprimora.site\/carvalhoalmeidaadvogados\/wp-json\/wp\/v2\/types\/post"}],"replies":[{"embeddable":true,"href":"https:\/\/aprimora.site\/carvalhoalmeidaadvogados\/wp-json\/wp\/v2\/comments?post=19474"}],"version-history":[{"count":0,"href":"https:\/\/aprimora.site\/carvalhoalmeidaadvogados\/wp-json\/wp\/v2\/posts\/19474\/revisions"}],"wp:attachment":[{"href":"https:\/\/aprimora.site\/carvalhoalmeidaadvogados\/wp-json\/wp\/v2\/media?parent=19474"}],"wp:term":[{"taxonomy":"category","embeddable":true,"href":"https:\/\/aprimora.site\/carvalhoalmeidaadvogados\/wp-json\/wp\/v2\/categories?post=19474"},{"taxonomy":"post_tag","embeddable":true,"href":"https:\/\/aprimora.site\/carvalhoalmeidaadvogados\/wp-json\/wp\/v2\/tags?post=19474"}],"curies":[{"name":"wp","href":"https:\/\/api.w.org\/{rel}","templated":true}]}}