{"id":19292,"date":"2025-12-17T06:04:28","date_gmt":"2025-12-17T09:04:28","guid":{"rendered":"https:\/\/aprimora.site\/carvalhoalmeidaadvogados\/2025\/12\/17\/os-cinco-pes-da-cadeira-dos-ministros-do-stf\/"},"modified":"2025-12-17T06:04:28","modified_gmt":"2025-12-17T09:04:28","slug":"os-cinco-pes-da-cadeira-dos-ministros-do-stf","status":"publish","type":"post","link":"https:\/\/aprimora.site\/carvalhoalmeidaadvogados\/2025\/12\/17\/os-cinco-pes-da-cadeira-dos-ministros-do-stf\/","title":{"rendered":"Os cinco \u2018P\u00eas\u2019 da cadeira dos ministros do STF"},"content":{"rendered":"<p>Pode-se dizer que a cadeira de ministro do <a href=\"https:\/\/www.jota.info\/tudo-sobre\/stf\">STF<\/a> \u00e9 uma das mais cobi\u00e7adas cadeiras da Rep\u00fablica. A aposentadoria de um do ministro da Suprema Corte movimenta os bastidores do Poder Executivo e do Poder Legislativo: quem ser\u00e1 o indicado, ou a indicada, a ocupar a cadeira.<\/p>\n<p>Integrar o STF costuma ser apresentado como o auge da carreira jur\u00eddica. Mas, atualmente, a cadeira de ministro \u00e9 um h\u00edbrido de vidra\u00e7a e para-raios. Sentar ali significa ter poder, responsabilidade e desgaste numa propor\u00e7\u00e3o que poucos cargos p\u00fablicos conhecem.<\/p>\n<p class=\"jota-cta\"><a href=\"https:\/\/www.jota.info\/produtos\/poder?utm_source=cta-site&amp;utm_medium=site&amp;utm_campaign=campanha_poder_q2&amp;utm_id=cta_texto_poder_q2_2023&amp;utm_term=cta_texto_poder&amp;utm_term=cta_texto_poder_meio_materias\"><span>Conhe\u00e7a o <span class=\"jota\">JOTA<\/span> PRO Poder, plataforma de monitoramento que oferece transpar\u00eancia e previsibilidade para empresas<\/span><\/a><\/p>\n<p>O texto faz uma breve reflex\u00e3o sobre a essa t\u00e3o cobi\u00e7ada cadeira por meio de cinco \u201cP\u00eas\u201d: prest\u00edgio, problemas, preocupa\u00e7\u00f5es, percal\u00e7os e precau\u00e7\u00f5es.<\/p>\n<p><strong>Prest\u00edgio<\/strong><\/p>\n<p>Do ponto de vista simb\u00f3lico, ser ministro do STF \u00e9 ocupar uma das posi\u00e7\u00f5es mais altas da Rep\u00fablica. N\u00e3o se trata apenas de remunera\u00e7\u00e3o ou tratamento protocolar: \u00e9 a possibilidade de influenciar o rumo de pol\u00edticas p\u00fablicas, direitos fundamentais e da pr\u00f3pria interpreta\u00e7\u00e3o da Constitui\u00e7\u00e3o.<\/p>\n<p>Quem ingressa no Supremo entra para um \u201cc\u00edrculo\u201d de 11 cadeiras que atravessam governos, crises e modas ideol\u00f3gicas. Ministros viram personagens de livro did\u00e1tico, nomes de refer\u00eancia em faculdades de Direito, alvos de cita\u00e7\u00f5es em votos e tamb\u00e9m em panfletos de rua e <em>hashtags<\/em>. A toga do STF confere a \u00faltima palavra sobre temas que v\u00e3o da intimidade das pessoas \u00e0s grandes escolhas de Estado.<\/p>\n<p>Mas esse prest\u00edgio deixou de ser silencioso. A figura do ministro circula em telejornais<em>, <\/em>podcasts, colunas de opini\u00e3o e, sobretudo, nas redes sociais. \u00c9 celebrada e, tamb\u00e9m, atacada. O prest\u00edgio vem acompanhado de um n\u00edvel de exposi\u00e7\u00e3o que nenhum constituinte de 1988 teria imaginado.<\/p>\n<p><strong>Problemas<\/strong><\/p>\n<p>Junto com o brilho, chegam os <strong>problemas. <\/strong>N\u00e3o apenas os institucionais, mas os muito concretos, que batem na rotina do pr\u00f3prio ministro.<\/p>\n<p>O primeiro \u00e9 o <strong>problema da sobrecarga permanente<\/strong>. A pauta do STF \u00e9 uma m\u00e1quina que n\u00e3o desliga: milhares de processos, decis\u00f5es urgentes, a\u00e7\u00f5es de grande impacto misturadas a casos individuais que tamb\u00e9m cobram aten\u00e7\u00e3o. O trabalho n\u00e3o cessa: votos a liberar, processos a relatar, liminar a analisar.<\/p>\n<p>O segundo \u00e9 o <strong>problema da incompreens\u00e3o p\u00fablica<\/strong>. Por mais bem fundamentada que seja uma decis\u00e3o, ela ser\u00e1 muitas vezes lida por manchetes, cortes de v\u00eddeo e frases descontextualizadas. O ministro se v\u00ea diante de um dilema permanente: sabe que precisa decidir tecnicamente, mas tamb\u00e9m sabe que ser\u00e1 julgado por uma plateia que n\u00e3o necessariamente leu o processo. Conviver com a ideia de que parte da sociedade n\u00e3o o compreender\u00e1 \u00e9 um problema real.<\/p>\n<p>H\u00e1, ainda, o <strong>problema da suspeita constante<\/strong>. Qualquer voto, encontro, gesto ou foto pode ser interpretado como prova de parcialidade. Pedidos de suspei\u00e7\u00e3o,\u00a0 teorias conspirat\u00f3rias e narrativas de captura passam a fazer parte do cotidiano. Mesmo quando arquivadas, essas acusa\u00e7\u00f5es deixam marcas na biografia e desgastam o dia a dia.<\/p>\n<p>Outro problema \u00e9 o da <strong>vida pessoal comprimida<\/strong>. A cadeira invade a casa. Rotina familiar revirada, filhos expostos, c\u00f4njuge alvo de coment\u00e1rios, fim de semana interrompido por crise institucional. O cargo n\u00e3o desliga \u00e0 noite nem no recesso. O ministro precisa aprender a conviver com a sensa\u00e7\u00e3o de estar sempre devendo: ao tribunal, \u00e0 fam\u00edlia, a si mesmo.<\/p>\n<p>Por fim, h\u00e1 o <strong>problema da solid\u00e3o decis\u00f3ria<\/strong>. Em muitas situa\u00e7\u00f5es, especialmente nas mais sens\u00edveis, a responsabilidade concreta da caneta \u00e9 intransfer\u00edvel. Por mais que existam assessores, colegas e precedentes, o ato final \u00e9 individual. Saber que uma assinatura pode interferir em elei\u00e7\u00f5es, pol\u00edticas p\u00fablicas ou na vida de milhares de pessoas \u00e9 um problema que n\u00e3o aparece no Di\u00e1rio Oficial, mas pesa no travesseiro.<\/p>\n<p><strong>Preocupa\u00e7\u00f5es<\/strong><\/p>\n<p>Se os problemas s\u00e3o vis\u00edveis, o <strong>P de preocupa\u00e7\u00f5es<\/strong> \u00e9 mais \u00edntimo, quase um mon\u00f3logo interno que acompanha o ministro ao longo de toda a carreira.<\/p>\n<p>A primeira preocupa\u00e7\u00e3o \u00e9 com o <strong>legado<\/strong>. Poucos cargos obrigam algu\u00e9m a conviver diariamente com a pergunta: <em>\u201cComo a hist\u00f3ria vai ler o que estou fazendo?\u201d. <\/em>Cada voto, cada liminar, cada posi\u00e7\u00e3o em casos de grande repercuss\u00e3o \u00e9 um tijolo num pr\u00e9dio que s\u00f3 ficar\u00e1 pronto quando ele j\u00e1 n\u00e3o estiver mais l\u00e1. A inquieta\u00e7\u00e3o constante \u00e9 equilibrar o curto prazo das crises pol\u00edticas com o longo prazo da interpreta\u00e7\u00e3o do agir do ministro.<\/p>\n<p>Uma segunda preocupa\u00e7\u00e3o \u00e9 a da <strong>coer\u00eancia ao longo do tempo<\/strong>. Um ministro pode atravessar d\u00e9cadas de mudan\u00e7as sociais, tecnol\u00f3gicas e pol\u00edticas. A tenta\u00e7\u00e3o de se adaptar ao clima do momento \u00e9 grande; a exig\u00eancia de manter uma linha de princ\u00edpios tamb\u00e9m. Ele sabe que o pr\u00f3prio passado ser\u00e1 sempre trazido de volta: votos antigos, entrevistas, livros, pareceres. A pergunta silenciosa \u00e9: <em>\u201cVou conseguir olhar para a minha trajet\u00f3ria e reconhecer uma espinha dorsal, e n\u00e3o um zigue-zague conveniente?\u201d.<\/em><\/p>\n<p>H\u00e1 ainda a preocupa\u00e7\u00e3o com a <strong>linha t\u00eanue entre juiz e ator pol\u00edtico<\/strong>. O ministro sabe que qualquer movimento \u00e9 lido politicamente: quem recebe em audi\u00eancia, em que evento aparece, como formula uma frase, quando pauta um processo. A ang\u00fastia permanente \u00e9 n\u00e3o ser capturado pela l\u00f3gica da torcida, nem se deixar usar por governos, partidos, grupos econ\u00f4micos ou corpora\u00e7\u00f5es. Em muitos momentos, a pergunta interna \u00e9: <em>\u201cEstou decidindo porque acredito que \u00e9 o certo ou porque \u00e9 o mais confort\u00e1vel?\u201d.<\/em><\/p>\n<p>Outra preocupa\u00e7\u00e3o recorrente \u00e9 a da <strong>legitimidade da pr\u00f3pria institui\u00e7\u00e3o<\/strong>. O ministro percebe que sua biografia est\u00e1 colada \u00e0 imagem do STF: uma crise de confian\u00e7a na Corte respinga nele; um excesso de protagonismo individual pode desgastar o tribunal inteiro. Ao longo da carreira, v\u00ea-se dividido entre falar para \u201cdefender o Supremo\u201d e se calar para \u201cpreservar o Supremo\u201d. Essa tens\u00e3o acompanha cada entrevista, cada palestra, cada sil\u00eancio calculado.<\/p>\n<p>Por fim, existe uma preocupa\u00e7\u00e3o \u00edntima, quase inconfess\u00e1vel: a de <strong>n\u00e3o se perder de si mesmo<\/strong>. Anos de poder, defer\u00eancia e exposi\u00e7\u00e3o podem alimentar vaidades, ressentimentos e cegueiras. O ministro sabe que, por tr\u00e1s da ret\u00f3rica dos princ\u00edpios, h\u00e1 um ser humano sujeito a elogios, ataques e sedu\u00e7\u00f5es. A pergunta mais dif\u00edcil, que volta nas noites insones, \u00e9: <em>\u201cAinda sou o mesmo juiz que eu dizia que seria quando sonhava com essa cadeira?\u201d.<\/em><\/p>\n<p><strong>Percal\u00e7os<\/strong><\/p>\n<p>O quarto P \u00e9 o de <strong>percal\u00e7os<\/strong>. Eles come\u00e7am antes da posse.<\/p>\n<p>A sabatina no Senado, que deveria ser um exame rigoroso de preparo t\u00e9cnico e vis\u00e3o institucional, frequentemente se transforma em palco de recados, testes de fidelidade e discursos para bases eleitorais. Pergunta-se menos sobre a \u00a0Constitui\u00e7\u00e3o e mais sobre alinhamento pol\u00edtico. O indicado j\u00e1 experimenta, ali, a sensa\u00e7\u00e3o de ser menos sujeito e mais alvo.<\/p>\n<p>Uma vez aprovado, o ministro passa a conviver com percal\u00e7os de toda ordem:<\/p>\n<p>Pedidos de <em>impeachment<\/em> usados como instrumento de intimida\u00e7\u00e3o;<br \/>\nAmea\u00e7as virtuais, campanhas de difama\u00e7\u00e3o, hostilidade em aeroportos e restaurantes;<br \/>\nTentativas recorrentes de reduzir compet\u00eancias da Corte sempre que a decis\u00e3o desagrada algum grupo influente.<\/p>\n<p>Somam-se a isso os percal\u00e7os internos: diverg\u00eancias p\u00fablicas entre colegas, vazamentos seletivos, dentre outras situa\u00e7\u00f5es. A vida no plen\u00e1rio nem sempre \u00e9 solene; muitas vezes \u00e9 atravessada por ru\u00eddos, egos e conflitos de vis\u00e3o.<\/p>\n<p>E h\u00e1 a <strong>solid\u00e3o das decis\u00f5es impopulares<\/strong>. Em v\u00e1rios casos, cumprir a Constitui\u00e7\u00e3o significa votar contra a opini\u00e3o dominante nas redes, contra o clamor das ruas ou contra o interesse do governo da vez. Nessas horas, a cadeira pesa mais do que a toga.<\/p>\n<p><strong>Precau\u00e7\u00f5es<\/strong><\/p>\n<p>Por fim, o <strong>P de Precau\u00e7\u00f5es, preocupa\u00e7\u00f5es.<\/strong><\/p>\n<p>A primeira precau\u00e7\u00e3o \u00e9 quanto a pr\u00f3pria seguran\u00e7a. A vida cotidiana \u00e9 redesenhada: trajetos, rotina, participa\u00e7\u00e3o em eventos, exposi\u00e7\u00e3o de familiares. A figura do ministro deixa de ser apenas um jurista e passa a se um s\u00edmbolo. Mas\u00a0 s\u00edmbolos em tempos polarizados viram alvos. O Supremo exige de seu integrante n\u00e3o apenas erudi\u00e7\u00e3o, mas protocolos de prote\u00e7\u00e3o dignos de quem vive sob risco permanente.<\/p>\n<p>A segunda \u00e9 a <strong>precau\u00e7\u00e3o com a exposi\u00e7\u00e3o p\u00fablica e digital<\/strong>. Cada frase, gesto ou apari\u00e7\u00e3o em p\u00fablico \u00e9 potencial <em>print,<\/em> corte de v\u00eddeo ou muni\u00e7\u00e3o para narrativas futuras. Uma fala descontextualizada numa palestra, uma foto num evento social, coment\u00e1rios informais podem ser recuperados anos depois para questionar imparcialidade ou insinuar favoritismo. O ministro acaba por viver sob a l\u00f3gica da mem\u00f3ria infinita da internet, e isso cobra um pre\u00e7o em espontaneidade e liberdade de circula\u00e7\u00e3o.<\/p>\n<p>A terceira \u00e9 a <strong>precau\u00e7\u00e3o nas rela\u00e7\u00f5es pessoais e profissionais<\/strong>. Convites, jantares, encontros e <em>selfies<\/em> deixam de ser simples atos de cordialidade para se tornarem poss\u00edveis fontes de suspeita. Quem ocupa a cadeira \u00e9 levado a restringir c\u00edrculos, controlar aproxima\u00e7\u00f5es, dizer \u201cn\u00e3o\u201d a situa\u00e7\u00f5es aparentemente inocentes. Manter v\u00ednculos humanos sem comprometer a imagem de imparcialidade vira exerc\u00edcio di\u00e1rio de autoconten\u00e7\u00e3o.<\/p>\n<p>Por fim, h\u00e1 a <strong>precau\u00e7\u00e3o emocional<\/strong>. Viver anos sob fogo cruzado, ora retratado como her\u00f3i, ora como vil\u00e3o, desgasta qualquer um. Estabelecer alguma dist\u00e2ncia das redes sociais e preservar rotinas de estudo e reflex\u00e3o que o protejam da tenta\u00e7\u00e3o de virar celebridade togada. Se se deixa capturar pela vaidade dos holofotes, a toga perde densidade; se se isola completamente, o tribunal perde sensibilidade social.<\/p>\n<p>Em resumo: para ocupar essa cadeira, hoje, n\u00e3o basta ser grande jurista. \u00c9 necess\u00e1rio ser tamb\u00e9m gestor de risco, administrador da pr\u00f3pria imagem e cuidador de si e dos seus.<\/p>\n<p><strong>Entre o fasc\u00ednio e o alerta<\/strong><\/p>\n<p>Os cinco \u201cP\u00eas\u201d (prest\u00edgio, problemas, preocupa\u00e7\u00f5es, percal\u00e7os e precau\u00e7\u00f5es) mostram que a cadeira de ministro do STF est\u00e1 longe de ser apenas pr\u00eamio de fim de carreira ou gesto de amizade presidencial. \u00c9 um posto de alta tens\u00e3o institucional e biogr\u00e1fica.<\/p>\n<p>O debate sobre cada nova vaga n\u00e3o deveria se limitar \u00e0 velha pergunta \u201cde que lado ele \u00e9? \u201d ou \u201cde quem ele \u00e9 amigo? \u201d, mas \u00e0 quest\u00e3o mais inc\u00f4moda: que Supremo estamos construindo para os pr\u00f3ximos 30 anos?<\/p>\n<p class=\"jota-cta\"><a href=\"https:\/\/conteudo.jota.info\/marketing-lp-newsletter-ultimas-noticias?utm_source=jota&amp;utm_medium=lp&amp;utm_campaign=23-09-2024-jota-lp-eleicoes-2024-eleicoes-2024-none-audiencias-none&amp;utm_content=eleicoes-2024&amp;utm_term=none\"><span>Assine gratuitamente a newsletter \u00daltimas Not\u00edcias do <span class=\"jota\">JOTA<\/span> e receba as principais not\u00edcias jur\u00eddicas e pol\u00edticas do dia no seu email<\/span><\/a><\/p>\n<p>Um Supremo que seja guarda da Constitui\u00e7\u00e3o, e n\u00e3o ator partid\u00e1rio; que seja plural, e n\u00e3o espelho emba\u00e7ado de uma mesma elite; que proteja direitos, mas tamb\u00e9m compreenda o impacto real de suas decis\u00f5es; e que, sobretudo, tenha ministros capazes de honrar a cadeira sem perder a medida humana de quem nela se senta \u2013 e de quem \u00e9 por ela julgado.<\/p>\n<p>A toga brilha. Mas, num pa\u00eds como o nosso, talvez o sinal mais saud\u00e1vel de maturidade democr\u00e1tica seja reconhecer que, por tr\u00e1s desse brilho, h\u00e1 pessoas sujeitas a press\u00f5es, limites e fragilidades. Entender os cinco \u201cP\u00eas\u201d dessa cadeira diz muito n\u00e3o apenas sobre o nosso Judici\u00e1rio, mas sobre o estado da nossa sociedade.<\/p>","protected":false},"excerpt":{"rendered":"<p>Pode-se dizer que a cadeira de ministro do STF \u00e9 uma das mais cobi\u00e7adas cadeiras da Rep\u00fablica. A aposentadoria de um do ministro da Suprema Corte movimenta os bastidores do Poder Executivo e do Poder Legislativo: quem ser\u00e1 o indicado, ou a indicada, a ocupar a cadeira. Integrar o STF costuma ser apresentado como o [&hellip;]<\/p>\n","protected":false},"author":0,"featured_media":0,"comment_status":"open","ping_status":"open","sticky":false,"template":"","format":"standard","meta":[],"categories":[1],"tags":[],"_links":{"self":[{"href":"https:\/\/aprimora.site\/carvalhoalmeidaadvogados\/wp-json\/wp\/v2\/posts\/19292"}],"collection":[{"href":"https:\/\/aprimora.site\/carvalhoalmeidaadvogados\/wp-json\/wp\/v2\/posts"}],"about":[{"href":"https:\/\/aprimora.site\/carvalhoalmeidaadvogados\/wp-json\/wp\/v2\/types\/post"}],"replies":[{"embeddable":true,"href":"https:\/\/aprimora.site\/carvalhoalmeidaadvogados\/wp-json\/wp\/v2\/comments?post=19292"}],"version-history":[{"count":0,"href":"https:\/\/aprimora.site\/carvalhoalmeidaadvogados\/wp-json\/wp\/v2\/posts\/19292\/revisions"}],"wp:attachment":[{"href":"https:\/\/aprimora.site\/carvalhoalmeidaadvogados\/wp-json\/wp\/v2\/media?parent=19292"}],"wp:term":[{"taxonomy":"category","embeddable":true,"href":"https:\/\/aprimora.site\/carvalhoalmeidaadvogados\/wp-json\/wp\/v2\/categories?post=19292"},{"taxonomy":"post_tag","embeddable":true,"href":"https:\/\/aprimora.site\/carvalhoalmeidaadvogados\/wp-json\/wp\/v2\/tags?post=19292"}],"curies":[{"name":"wp","href":"https:\/\/api.w.org\/{rel}","templated":true}]}}