{"id":18929,"date":"2025-12-04T12:12:23","date_gmt":"2025-12-04T15:12:23","guid":{"rendered":"https:\/\/aprimora.site\/carvalhoalmeidaadvogados\/2025\/12\/04\/epi-eficaz-fisco-surdo\/"},"modified":"2025-12-04T12:12:23","modified_gmt":"2025-12-04T15:12:23","slug":"epi-eficaz-fisco-surdo","status":"publish","type":"post","link":"https:\/\/aprimora.site\/carvalhoalmeidaadvogados\/2025\/12\/04\/epi-eficaz-fisco-surdo\/","title":{"rendered":"EPI eficaz, Fisco surdo"},"content":{"rendered":"<p>Quando o Estado certifica a validade e efic\u00e1cia de um Equipamento de Prote\u00e7\u00e3o Individual \u2013 <a href=\"https:\/\/www.jota.info\/tudo-sobre\/EPI\">EPI<\/a> e, consequentemente, exige o seu uso, mas, na hora de tributar, finge que nada disso existe, algo est\u00e1 profundamente errado.<\/p>\n<p>N\u00e3o se trata de um \u201cdescompasso t\u00e9cnico\u201d ou de mera diverg\u00eancia interpretativa entre \u00f3rg\u00e3os: \u00e9 a escolha consciente de transformar uma exce\u00e7\u00e3o previdenci\u00e1ria protetiva em fonte permanente de receita. A consequ\u00eancia \u00e9 um ambiente em que a inseguran\u00e7a jur\u00eddica deixa de ser um defeito do sistema e passa a funcionar, na pr\u00e1tica, como pol\u00edtica de arrecada\u00e7\u00e3o.<\/p>\n<p>\u00c9 exatamente isso que est\u00e1 em jogo na controversa exig\u00eancia de adicional do RAT sobre a remunera\u00e7\u00e3o de trabalhadores expostos a ru\u00eddo.<\/p>\n<p class=\"jota-cta\"><a href=\"https:\/\/www.jota.info\/produtos\/tributos?utm_source=cta-site&amp;utm_medium=site&amp;utm_campaign=campanha_tributos_q2&amp;utm_id=cta_texto_tributos_q2_2023&amp;utm_term=cta_texto_tributos&amp;utm_term=cta_texto_tributos_meio_materias\"><span>Conhe\u00e7a o <span class=\"jota\">JOTA<\/span> PRO Tributos, plataforma de monitoramento tribut\u00e1rio para empresas e escrit\u00f3rios com decis\u00f5es e movimenta\u00e7\u00f5es do Carf, STJ e STF<\/span><\/a><\/p>\n<p>De um lado, empresas que cumprem precisamente a legisla\u00e7\u00e3o de seguran\u00e7a e sa\u00fade, investem pesado em EPIs modernos e treinamentos de seus empregados, contratam laudos e preenchem PPP com base em dados t\u00e9cnicos, seguem as normas do MTE, do INMETRO e, ainda, fiscalizam o uso efetivo dos equipamentos. De outro, a Receita Federal, amparada no ADI RFB n\u00ba 2\/2019 e em uma \u201cMalha Fiscal Digital\u201d, parte da premissa de que, para o ru\u00eddo, nenhum EPI \u00e9 capaz de neutralizar a nocividade, como se a evolu\u00e7\u00e3o tecnol\u00f3gica e as certifica\u00e7\u00f5es oficiais n\u00e3o tivessem qualquer relev\u00e2ncia jur\u00eddica.<\/p>\n<p>A equa\u00e7\u00e3o \u00e9 simples: se h\u00e1 exposi\u00e7\u00e3o a ru\u00eddo acima dos limites legais de toler\u00e2ncia, a Receita presume que o risco nunca ser\u00e1 neutralizado. E, se o risco nunca \u00e9 neutralizado, o fato gerador do adicional ao RAT estaria sempre presente. Assim, se o fato gerador est\u00e1 sempre presente, toda empresa que tiver exposi\u00e7\u00e3o a ru\u00eddo acima dos limites legais (85 dB) deve ser tratada como devedora potencial do adicional de 6% sobre a remunera\u00e7\u00e3o paga aos empregados expostos. N\u00e3o importa se o EPI possui aprova\u00e7\u00e3o dos \u00f3rg\u00e3os governamentais, se h\u00e1 laudo atestando a neutraliza\u00e7\u00e3o e efic\u00e1cia do equipamento, se h\u00e1 programas estruturados de preven\u00e7\u00e3o; tudo isso \u00e9 varrido para fora do radar em nome de uma presun\u00e7\u00e3o absoluta.<\/p>\n<p>A partir dessa l\u00f3gica, a autorregulariza\u00e7\u00e3o encaminhada pela Receita deixa de ser um convite \u00e0 conformidade e passa a funcionar como mecanismo de coer\u00e7\u00e3o: o contribuinte \u00e9 intimado a \u201cse ajustar\u201d sob a amea\u00e7a de autos de infra\u00e7\u00e3o com imposi\u00e7\u00e3o de multas alt\u00edssimas. A empresa entra na malha j\u00e1 condenada; resta pagar ou litigar.<\/p>\n<p>Esse modelo n\u00e3o nasceu de uma mudan\u00e7a legislativa nem de uma decis\u00e3o expressa do Congresso. Nasceu da combina\u00e7\u00e3o entre um ato infralegal e um sistema de cruzamento de dados que transforma uma tese previdenci\u00e1ria do STF, constru\u00edda para proteger o trabalhador no reconhecimento de tempo especial, em gatilho autom\u00e1tico de obriga\u00e7\u00e3o tribut\u00e1ria. O <a href=\"https:\/\/portal.stf.jus.br\/processos\/detalhe.asp?incidente=4170732\">Recurso Extraordin\u00e1rio com Agravo 664.335<\/a>, julgado sob o <a href=\"https:\/\/portal.stf.jus.br\/jurisprudenciaRepercussao\/verAndamentoProcesso.asp?incidente=4170732&amp;numeroProcesso=664335&amp;classeProcesso=ARE&amp;numeroTema=555\">Tema 555<\/a>, analisou exclusivamente o direito do segurado \u00e0 aposentadoria especial. Ao estabelecer a famosa exce\u00e7\u00e3o do ru\u00eddo, o <a href=\"https:\/\/www.jota.info\/tudo-sobre\/STF\">STF<\/a> partiu de uma premissa f\u00e1tica, \u00e0 \u00e9poca, de incerteza cient\u00edfica: a energia sonora poderia impactar outros sistemas do corpo para al\u00e9m da audi\u00e7\u00e3o, de modo que, mesmo com o ouvido protegido, haveria risco residual relevante. Por isso, o Tribunal decidiu que, para fins de concess\u00e3o do benef\u00edcio previdenci\u00e1rio, o uso de EPI n\u00e3o afastaria, por si s\u00f3, o enquadramento especial no caso de ru\u00eddo.<\/p>\n<p>Nada disso foi pensado como autoriza\u00e7\u00e3o para a cria\u00e7\u00e3o de um novo fato gerador tribut\u00e1rio. O Tema 555 foi desenhado sob a l\u00f3gica do <em>in dubio pro operario<\/em>, para viabilizar prote\u00e7\u00e3o previdenci\u00e1ria em um cen\u00e1rio de d\u00favida cient\u00edfica. Benef\u00edcio previdenci\u00e1rio e tributo, por\u00e9m, n\u00e3o compartilham o mesmo fato gerador. Na aposentadoria especial, discute-se o direito do trabalhador a um benef\u00edcio mais favor\u00e1vel; no caso do adicional ao RAT, a lei vincula a majora\u00e7\u00e3o da contribui\u00e7\u00e3o a atividades com exposi\u00e7\u00e3o efetivamente n\u00e3o neutralizada. A Constitui\u00e7\u00e3o e o art. 22, II, da <a href=\"https:\/\/www.planalto.gov.br\/ccivil_03\/leis\/l8212cons.htm\">Lei 8.212\/91<\/a> n\u00e3o autorizam a conclus\u00e3o de que, para ru\u00eddo, o fato gerador tribut\u00e1rio ocorre sempre, independentemente da prova de neutraliza\u00e7\u00e3o.<\/p>\n<p class=\"jota-cta\"><a href=\"https:\/\/conteudo.jota.info\/marketing-lp-newsletter-ultimas-noticias?utm_source=jota&amp;utm_medium=lp&amp;utm_campaign=23-09-2024-jota-lp-eleicoes-2024-eleicoes-2024-none-audiencias-none&amp;utm_content=eleicoes-2024&amp;utm_term=none\"><span>Assine gratuitamente a newsletter \u00daltimas Not\u00edcias do <span class=\"jota\">JOTA<\/span> e receba as principais not\u00edcias jur\u00eddicas e pol\u00edticas do dia no seu email<\/span><\/a><\/p>\n<p>O salto l\u00f3gico da Receita foi justamente ignorar essa distin\u00e7\u00e3o. Ao transpor, sem filtros, a exce\u00e7\u00e3o previdenci\u00e1ria do Tema 555 para o campo tribut\u00e1rio, o ADI RFB n\u00ba 2\/2019 passou a operar com uma fic\u00e7\u00e3o: se, para fins de benef\u00edcio, o EPI n\u00e3o afasta o tempo especial, ent\u00e3o, para fins de contribui\u00e7\u00e3o, o EPI jamais neutraliza o risco. A partir da\u00ed, ru\u00eddo virou sin\u00f4nimo de adicional de RAT, por presun\u00e7\u00e3o. A legalidade estrita e a tipicidade tribut\u00e1ria foram atropeladas: criou-se, por ato declarat\u00f3rio, um fato gerador que a lei n\u00e3o prev\u00ea, ancorado em uma fic\u00e7\u00e3o constru\u00edda para um contexto jur\u00eddico completamente diverso.<\/p>\n<p>O resultado dessa constru\u00e7\u00e3o \u00e9 uma verdadeira esquizofrenia institucional. O Estado, por meio do MTE e do INMETRO, institui um sistema complexo, caro e rigoroso de certifica\u00e7\u00e3o de EPIs. Estabelece requisitos t\u00e9cnicos, cria procedimentos para concess\u00e3o de Certificado de Aprova\u00e7\u00e3o (CA), exige que as empresas forne\u00e7am os equipamentos aprovados, treinem os empregados e registrem tudo isso em documentos oficiais como o PPP. O TST, na sua jurisprud\u00eancia consolidada, afasta o adicional de insalubridade quando a empresa comprova o fornecimento e a fiscaliza\u00e7\u00e3o do uso de EPI eficaz, justamente porque reconhece a neutraliza\u00e7\u00e3o do risco. O recado, nessa dimens\u00e3o, \u00e9 claro: cumpra as normas, invista em equipamentos de prote\u00e7\u00e3o de qualidade, comprove o uso e voc\u00ea n\u00e3o ser\u00e1 penalizado.<\/p>\n<p>Quando a discuss\u00e3o migra para a seara tribut\u00e1ria, a mensagem muda de forma radical. De repente, aquele mesmo EPI, com o mesmo CA, utilizado no mesmo ambiente e chancelado pelos mesmos laudos, \u00e9 tratado pela Receita como absolutamente ineficaz para ru\u00eddo. \u00c9 como se o Estado dissesse \u00e0 empresa: \u201ccompre o EPI que eu certifico, siga as minhas normas, prove tecnicamente a neutraliza\u00e7\u00e3o e, ainda assim, eu vou presumir que nada disso funciona e cobrar o adicional como se voc\u00ea n\u00e3o tivesse feito coisa alguma\u201d. O princ\u00edpio da confian\u00e7a leg\u00edtima simplesmente n\u00e3o sobrevive a esse modelo. O contribuinte faz aquilo que o pr\u00f3prio Estado exige, mas \u00e9 surpreendido por outro bra\u00e7o estatal que ignora a realidade e presume o inadimplemento tribut\u00e1rio a partir de uma matriz algor\u00edtmica.<\/p>\n<p>Do ponto de vista t\u00e9cnico, as autua\u00e7\u00f5es oriundas da Malha Fiscal padecem de v\u00edcio material grave. O C\u00f3digo Tribut\u00e1rio Nacional \u00e9 claro ao exigir que o lan\u00e7amento se apoie na verifica\u00e7\u00e3o da ocorr\u00eancia do fato gerador. No caso do adicional ao RAT, isso significa avaliar, concretamente, se a exposi\u00e7\u00e3o ao agente nocivo permaneceu n\u00e3o neutralizada, apesar das medidas de prote\u00e7\u00e3o adotadas. O par\u00e2metro automatizado da Receita n\u00e3o faz isso. Ele n\u00e3o examina os laudos t\u00e9cnicos de engenharia, n\u00e3o analisa as medi\u00e7\u00f5es ambientais, n\u00e3o verifica a capacidade de atenua\u00e7\u00e3o do EPI nas condi\u00e7\u00f5es de uso. Apenas cruza dados: se h\u00e1 ru\u00eddo declarado e n\u00e3o h\u00e1 adicional recolhido, presume-se o d\u00e9bito. \u00c9 a presun\u00e7\u00e3o sobre a presun\u00e7\u00e3o: o Fisco presume a inefic\u00e1cia do EPI com base em uma leitura distorcida do Tema 555 e, em cima disso, presume a ocorr\u00eancia do fato gerador para todos os casos, indistintamente.<\/p>\n<p>Se o PPP \u00e9 considerado, em tese, documento id\u00f4neo e suficiente para demonstrar a efic\u00e1cia do EPI, n\u00e3o \u00e9 compat\u00edvel com esse entendimento seguir tratando o mesmo PPP como letra morta na esfera arrecadat\u00f3ria. A Receita n\u00e3o pode, ao mesmo tempo, exigir que o empregador preencha o PPP de forma detalhada, reconhecer sua relev\u00e2ncia para concess\u00e3o de benef\u00edcios e, na hora de lan\u00e7ar o adicional ao RAT, simplesmente ignorar o conte\u00fado desse documento, como se ele n\u00e3o fosse prova pr\u00e9-constitu\u00edda em favor da empresa.<\/p>\n<p>Se o Fisco deseja sustentar que, em determinado ambiente, o EPI n\u00e3o neutraliza a exposi\u00e7\u00e3o a ru\u00eddo, deveria produzir prova concreta, caso a caso. Isso implica periciar o ambiente, analisar o tipo de equipamento, verificar o n\u00edvel de atenua\u00e7\u00e3o, checar as condi\u00e7\u00f5es reais de uso, enfim, comprovar que, naquele contexto espec\u00edfico, a neutraliza\u00e7\u00e3o n\u00e3o ocorreu. A cobran\u00e7a autom\u00e1tica, por algoritmo, sem esse tipo de verifica\u00e7\u00e3o, n\u00e3o tem mais espa\u00e7o leg\u00edtimo do ponto de vista jur\u00eddico: quem quer afastar a presun\u00e7\u00e3o decorrente do PPP deveria provar.<\/p>\n<p class=\"jota-cta\"><a href=\"https:\/\/conteudo.jota.info\/cadastro-em-newsletter-saideira-jota-pro-trabalhista\">Receba gratuitamente no seu email as principais not\u00edcias sobre o Direito do Trabalho<\/a><\/p>\n<p>A <a href=\"https:\/\/portal.stf.jus.br\/processos\/detalhe.asp?incidente=7133069\">ADI 7773<\/a>, proposta pela Confedera\u00e7\u00e3o Nacional da Ind\u00fastria, mira a raiz do problema: a premissa f\u00e1tica que embasou a exce\u00e7\u00e3o do ru\u00eddo no Tema 555. A a\u00e7\u00e3o convida o STF a revisitar essa premissa sob a luz da ci\u00eancia atual. Estudos t\u00e9cnicos recentes, produzidos por laborat\u00f3rios especializados em EPIs, demonstram que protetores auriculares modernos, corretamente dimensionados e utilizados, s\u00e3o plenamente capazes de reduzir a exposi\u00e7\u00e3o aos n\u00edveis de ru\u00eddo t\u00edpicos da ind\u00fastria (entre 85 e 100 dB) a patamares seguros. Os alegados efeitos extra-auditivos, utilizados como fundamento no julgamento ocorrido em 2014, s\u00e3o, na pr\u00e1tica, relevantes apenas em cen\u00e1rios extremos, com n\u00edveis de ru\u00eddo acima de 115 dB, que j\u00e1 demandam outros tipos de prote\u00e7\u00e3o e ocorrem em situa\u00e7\u00f5es bem mais restritas do que aquelas observadas nas ind\u00fastrias em geral.<\/p>\n<p>A pergunta que a ADI 7773 coloca ao Supremo \u00e9 direta: faz sentido manter, em 2025, uma fic\u00e7\u00e3o de inefic\u00e1cia absoluta dos EPIs para ru\u00eddo, constru\u00edda com base em conhecimento cient\u00edfico de mais de uma d\u00e9cada atr\u00e1s, ignorando a evolu\u00e7\u00e3o tecnol\u00f3gica e os dados atuais? Se a resposta for negativa, o Tribunal ter\u00e1 a oportunidade de modular a exce\u00e7\u00e3o do Tema 555. Basta reconhecer que a premissa f\u00e1tica mudou. Ao fazer isso, o STF pode reafirmar a regra geral de que EPI eficaz afasta o reconhecimento do tempo especial, e, por consequ\u00eancia, retirar o tapete debaixo da interpreta\u00e7\u00e3o tribut\u00e1ria da Receita.<\/p>\n<p>H\u00e1 ainda um ponto pol\u00edtico-econ\u00f4mico que n\u00e3o pode ser relegado a rodap\u00e9: a tese da Receita desincentiva, na pr\u00e1tica, o investimento em seguran\u00e7a do trabalho. Se o custo tribut\u00e1rio \u00e9 o mesmo para quem fornece um EPI barato e inadequado e para quem investe em equipamentos de alta performance, treinamento cont\u00ednuo e programas robustos de preven\u00e7\u00e3o, o incentivo econ\u00f4mico para fazer o certo diminui. Em nome de uma suposta prote\u00e7\u00e3o m\u00e1xima, cria-se um sistema em que o gasto adicional com seguran\u00e7a n\u00e3o traz qualquer benef\u00edcio jur\u00eddico ou econ\u00f4mico; o que importa \u00e9, simplesmente, a exist\u00eancia de ru\u00eddo. \u00c9 dif\u00edcil imaginar algo mais contradit\u00f3rio com o discurso oficial de promo\u00e7\u00e3o de ambientes de trabalho mais seguros.<\/p>\n<p>No fim das contas, a discuss\u00e3o sobre o adicional ao RAT em casos de ru\u00eddo \u00e9 um teste de coer\u00eancia do pr\u00f3prio Estado brasileiro. Ou o Estado leva a s\u00e9rio a sua pr\u00f3pria certifica\u00e7\u00e3o, os seus pr\u00f3prios documentos e a sua pr\u00f3pria t\u00e9cnica, ou seguir\u00e1 produzindo, em nome da prote\u00e7\u00e3o, um cen\u00e1rio de inseguran\u00e7a jur\u00eddica cr\u00f4nica, fiscaliza\u00e7\u00e3o algor\u00edtmica cega e tributa\u00e7\u00e3o baseada em fic\u00e7\u00f5es. Se o objetivo \u00e9, de fato, proteger o trabalhador, a resposta n\u00e3o pode ser punir indiscriminadamente quem mais investe em seguran\u00e7a. Se o objetivo \u00e9 arrecadar mais, que isso seja feito por meio de lei, com debate no Congresso, e n\u00e3o pela manipula\u00e7\u00e3o silenciosa de precedentes e atos infralegais.<\/p>\n<p>Hoje, o ru\u00eddo que vem da interpreta\u00e7\u00e3o da Receita sobre o adicional ao RAT \u00e9 mais alto do que o ru\u00eddo dos ambientes que ela pretende regular. \u00c9 poss\u00edvel que o STF, por meio da ADI 7773, substitua esse barulho arrecadat\u00f3rio por algo que anda em falta no sistema tribut\u00e1rio brasileiro: legalidade, ci\u00eancia, previsibilidade e respeito ao contribuinte que cumpre a lei.<\/p>","protected":false},"excerpt":{"rendered":"<p>Quando o Estado certifica a validade e efic\u00e1cia de um Equipamento de Prote\u00e7\u00e3o Individual \u2013 EPI e, consequentemente, exige o seu uso, mas, na hora de tributar, finge que nada disso existe, algo est\u00e1 profundamente errado. N\u00e3o se trata de um \u201cdescompasso t\u00e9cnico\u201d ou de mera diverg\u00eancia interpretativa entre \u00f3rg\u00e3os: \u00e9 a escolha consciente de [&hellip;]<\/p>\n","protected":false},"author":0,"featured_media":0,"comment_status":"open","ping_status":"open","sticky":false,"template":"","format":"standard","meta":[],"categories":[1],"tags":[],"_links":{"self":[{"href":"https:\/\/aprimora.site\/carvalhoalmeidaadvogados\/wp-json\/wp\/v2\/posts\/18929"}],"collection":[{"href":"https:\/\/aprimora.site\/carvalhoalmeidaadvogados\/wp-json\/wp\/v2\/posts"}],"about":[{"href":"https:\/\/aprimora.site\/carvalhoalmeidaadvogados\/wp-json\/wp\/v2\/types\/post"}],"replies":[{"embeddable":true,"href":"https:\/\/aprimora.site\/carvalhoalmeidaadvogados\/wp-json\/wp\/v2\/comments?post=18929"}],"version-history":[{"count":0,"href":"https:\/\/aprimora.site\/carvalhoalmeidaadvogados\/wp-json\/wp\/v2\/posts\/18929\/revisions"}],"wp:attachment":[{"href":"https:\/\/aprimora.site\/carvalhoalmeidaadvogados\/wp-json\/wp\/v2\/media?parent=18929"}],"wp:term":[{"taxonomy":"category","embeddable":true,"href":"https:\/\/aprimora.site\/carvalhoalmeidaadvogados\/wp-json\/wp\/v2\/categories?post=18929"},{"taxonomy":"post_tag","embeddable":true,"href":"https:\/\/aprimora.site\/carvalhoalmeidaadvogados\/wp-json\/wp\/v2\/tags?post=18929"}],"curies":[{"name":"wp","href":"https:\/\/api.w.org\/{rel}","templated":true}]}}