{"id":18886,"date":"2025-12-03T10:05:58","date_gmt":"2025-12-03T13:05:58","guid":{"rendered":"https:\/\/aprimora.site\/carvalhoalmeidaadvogados\/2025\/12\/03\/obra-em-homenagem-aos-45-anos-de-docencia-do-professor-nelson-luiz-pinto-sera-lancada-no-dia-10\/"},"modified":"2025-12-03T10:05:58","modified_gmt":"2025-12-03T13:05:58","slug":"obra-em-homenagem-aos-45-anos-de-docencia-do-professor-nelson-luiz-pinto-sera-lancada-no-dia-10","status":"publish","type":"post","link":"https:\/\/aprimora.site\/carvalhoalmeidaadvogados\/2025\/12\/03\/obra-em-homenagem-aos-45-anos-de-docencia-do-professor-nelson-luiz-pinto-sera-lancada-no-dia-10\/","title":{"rendered":"Obra em homenagem aos 45 anos de doc\u00eancia do professor Nelson Luiz Pinto ser\u00e1 lan\u00e7ada no dia 10"},"content":{"rendered":"<p>Obra em homenagem aos 45 anos de doc\u00eancia do professor Nelson Luiz Pinto ser\u00e1 lan\u00e7ada no dia 10<\/p>","protected":false},"excerpt":{"rendered":"<p>Obra em homenagem aos 45 anos de doc\u00eancia do professor Nelson Luiz Pinto ser\u00e1 lan\u00e7ada no dia 10<\/p>\n","protected":false},"author":0,"featured_media":0,"comment_status":"open","ping_status":"open","sticky":false,"template":"","format":"standard","meta":[],"categories":[1],"tags":[],"_links":{"self":[{"href":"https:\/\/aprimora.site\/carvalhoalmeidaadvogados\/wp-json\/wp\/v2\/posts\/18886"}],"collection":[{"href":"https:\/\/aprimora.site\/carvalhoalmeidaadvogados\/wp-json\/wp\/v2\/posts"}],"about":[{"href":"https:\/\/aprimora.site\/carvalhoalmeidaadvogados\/wp-json\/wp\/v2\/types\/post"}],"replies":[{"embeddable":true,"href":"https:\/\/aprimora.site\/carvalhoalmeidaadvogados\/wp-json\/wp\/v2\/comments?post=18886"}],"version-history":[{"count":0,"href":"https:\/\/aprimora.site\/carvalhoalmeidaadvogados\/wp-json\/wp\/v2\/posts\/18886\/revisions"}],"wp:attachment":[{"href":"https:\/\/aprimora.site\/carvalhoalmeidaadvogados\/wp-json\/wp\/v2\/media?parent=18886"}],"wp:term":[{"taxonomy":"category","embeddable":true,"href":"https:\/\/aprimora.site\/carvalhoalmeidaadvogados\/wp-json\/wp\/v2\/categories?post=18886"},{"taxonomy":"post_tag","embeddable":true,"href":"https:\/\/aprimora.site\/carvalhoalmeidaadvogados\/wp-json\/wp\/v2\/tags?post=18886"}],"curies":[{"name":"wp","href":"https:\/\/api.w.org\/{rel}","templated":true}]}}