{"id":18851,"date":"2025-12-02T12:16:08","date_gmt":"2025-12-02T15:16:08","guid":{"rendered":"https:\/\/aprimora.site\/carvalhoalmeidaadvogados\/2025\/12\/02\/morre-ary-oswaldo-mattos-filho-referencia-do-direito-empresarial-e-do-mercado-de-capitais\/"},"modified":"2025-12-02T12:16:08","modified_gmt":"2025-12-02T15:16:08","slug":"morre-ary-oswaldo-mattos-filho-referencia-do-direito-empresarial-e-do-mercado-de-capitais","status":"publish","type":"post","link":"https:\/\/aprimora.site\/carvalhoalmeidaadvogados\/2025\/12\/02\/morre-ary-oswaldo-mattos-filho-referencia-do-direito-empresarial-e-do-mercado-de-capitais\/","title":{"rendered":"Morre Ary Oswaldo Mattos Filho, refer\u00eancia do Direito Empresarial e do mercado de capitais"},"content":{"rendered":"<p>O jurista Ary Oswaldo Mattos Filho morreu na noite desta segunda-feira (1\/12), aos 85 anos, em decorr\u00eancia de complica\u00e7\u00f5es pulmonares. Reconhecido como um dos maiores nomes do Direito Empresarial e de mercado de capitais no Brasil, ele foi s\u00f3cio-fundador do escrit\u00f3rio que leva seu sobrenome, hoje uma das maiores bancas de advocacia do pa\u00eds.<\/p>\n<p>Doutor em Direito Tribut\u00e1rio pela Universidade de S\u00e3o Paulo (<a href=\"https:\/\/www.jota.info\/tudo-sobre\/USP\">USP<\/a>) desde 1973 e p\u00f3s-doutor pela Harvard Law School, Ary Oswaldo construiu carreira marcante tanto nos setores p\u00fablico e privado quanto na academia. Foi presidente da Comiss\u00e3o de Valores Mobili\u00e1rios (CVM) \u2014 per\u00edodo em que ocorreu a abertura do mercado acion\u00e1rio brasileiro para investidores estrangeiros \u2014, membro do Conselho Monet\u00e1rio Nacional (CMN), presidente da Comiss\u00e3o Federal para a Reforma Fiscal e juiz do Tribunal Administrativo de Impostos e Taxas de S\u00e3o Paulo (TIT).<\/p>\n<p class=\"jota-cta\"><a href=\"https:\/\/conteudo.jota.info\/marketing-lp-newsletter-ultimas-noticias?utm_source=jota&amp;utm_medium=lp&amp;utm_campaign=23-09-2024-jota-lp-eleicoes-2024-eleicoes-2024-none-audiencias-none&amp;utm_content=eleicoes-2024&amp;utm_term=none\"><span>Assine gratuitamente a newsletter \u00daltimas Not\u00edcias do <span class=\"jota\">JOTA<\/span> e receba as principais not\u00edcias jur\u00eddicas e pol\u00edticas do dia no seu email<\/span><\/a><\/p>\n<p>A trajet\u00f3ria do jurista tamb\u00e9m inclui forte participa\u00e7\u00e3o na Funda\u00e7\u00e3o Getulio Vargas (FGV). Ele integrou o conselho diretor da institui\u00e7\u00e3o e, em 2000, foi convidado pelo presidente da Funda\u00e7\u00e3o, Carlos Ivan Simonsen Leal, para criar a Escola de Direito da FGV em S\u00e3o Paulo (FGV Direito SP). Defendia que o pa\u00eds precisava de um curso jur\u00eddico capaz de responder \u00e0s demandas contempor\u00e2neas, e n\u00e3o de mais uma faculdade tradicional. Em 2012, recebeu o t\u00edtulo de diretor em\u00e9rito da FGV Direito SP.<\/p>\n<p>Em nota, o escrit\u00f3rio Mattos Filho lamentou a morte. \u201cAdvogado e professor, Dr. Ary nos deixa um legado de grande aprendizado, empreendedorismo e generosidade. O escrit\u00f3rio presta toda a solidariedade aos seus tr\u00eas filhos, Rebecca, Ary Eduardo e Helena. O hor\u00e1rio e local do vel\u00f3rio e sepultamento ser\u00e3o informados oportunamente.\u201d<\/p>\n<p>Ao longo da carreira, Mattos Filho tamb\u00e9m foi associado efetivo do Instituto dos Advogados de S\u00e3o Paulo (Iasp) e atuou como \u00e1rbitro no Centro Brasileiro de Media\u00e7\u00e3o e Arbitragem (CBMA) e na C\u00e2mara de Arbitragem do Mercado (CAM). O Iasp tamb\u00e9m divulgou nota de pesar, destacando o legado do jurista. \u201cSua presen\u00e7a entre nossos quadros associativos honrou esta Casa e reafirmou, ao longo de d\u00e9cadas, a import\u00e2ncia do di\u00e1logo entre a academia, a advocacia e as institui\u00e7\u00f5es. Neste momento de dor, o Instituto solidariza-se com seus familiares, amigos, alunos e colegas, certos de que seu legado permanecer\u00e1 como refer\u00eancia luminosa para o Direito brasileiro.\u201d<\/p>","protected":false},"excerpt":{"rendered":"<p>O jurista Ary Oswaldo Mattos Filho morreu na noite desta segunda-feira (1\/12), aos 85 anos, em decorr\u00eancia de complica\u00e7\u00f5es pulmonares. Reconhecido como um dos maiores nomes do Direito Empresarial e de mercado de capitais no Brasil, ele foi s\u00f3cio-fundador do escrit\u00f3rio que leva seu sobrenome, hoje uma das maiores bancas de advocacia do pa\u00eds. Doutor [&hellip;]<\/p>\n","protected":false},"author":0,"featured_media":0,"comment_status":"open","ping_status":"open","sticky":false,"template":"","format":"standard","meta":[],"categories":[1],"tags":[],"_links":{"self":[{"href":"https:\/\/aprimora.site\/carvalhoalmeidaadvogados\/wp-json\/wp\/v2\/posts\/18851"}],"collection":[{"href":"https:\/\/aprimora.site\/carvalhoalmeidaadvogados\/wp-json\/wp\/v2\/posts"}],"about":[{"href":"https:\/\/aprimora.site\/carvalhoalmeidaadvogados\/wp-json\/wp\/v2\/types\/post"}],"replies":[{"embeddable":true,"href":"https:\/\/aprimora.site\/carvalhoalmeidaadvogados\/wp-json\/wp\/v2\/comments?post=18851"}],"version-history":[{"count":0,"href":"https:\/\/aprimora.site\/carvalhoalmeidaadvogados\/wp-json\/wp\/v2\/posts\/18851\/revisions"}],"wp:attachment":[{"href":"https:\/\/aprimora.site\/carvalhoalmeidaadvogados\/wp-json\/wp\/v2\/media?parent=18851"}],"wp:term":[{"taxonomy":"category","embeddable":true,"href":"https:\/\/aprimora.site\/carvalhoalmeidaadvogados\/wp-json\/wp\/v2\/categories?post=18851"},{"taxonomy":"post_tag","embeddable":true,"href":"https:\/\/aprimora.site\/carvalhoalmeidaadvogados\/wp-json\/wp\/v2\/tags?post=18851"}],"curies":[{"name":"wp","href":"https:\/\/api.w.org\/{rel}","templated":true}]}}