{"id":18680,"date":"2025-11-26T19:25:11","date_gmt":"2025-11-26T22:25:11","guid":{"rendered":"https:\/\/aprimora.site\/carvalhoalmeidaadvogados\/2025\/11\/26\/debate-na-casa-jota-vai-discutir-segregacao-patrimonial-em-ativos-digitais\/"},"modified":"2025-11-26T19:25:11","modified_gmt":"2025-11-26T22:25:11","slug":"debate-na-casa-jota-vai-discutir-segregacao-patrimonial-em-ativos-digitais","status":"publish","type":"post","link":"https:\/\/aprimora.site\/carvalhoalmeidaadvogados\/2025\/11\/26\/debate-na-casa-jota-vai-discutir-segregacao-patrimonial-em-ativos-digitais\/","title":{"rendered":"Debate na Casa JOTA vai discutir segrega\u00e7\u00e3o patrimonial em ativos digitais"},"content":{"rendered":"<p><span>Um debate para trazer luz ao tema da segrega\u00e7\u00e3o patrimonial em ativos digitais \u2013 ponto central para refor\u00e7ar a seguran\u00e7a de investidores e a estabilidade do mercado \u2013 ser\u00e1 realizado pela <strong>Casa <span class=\"jota\">JOTA<\/span><\/strong>, no dia 02 de dezembro de 2025, \u00e0s 10h.<\/span><\/p>\n<p><span>No encontro, agentes p\u00fablicos e especialistas v\u00e3o discutir como o PL 4932\/2023 pode evoluir para aprimorar a prote\u00e7\u00e3o dos ativos de clientes e reduzir riscos sist\u00eamicos, em um momento em que o mercado brasileiro de criptoativos e servi\u00e7os de tokeniza\u00e7\u00e3o segue em forte expans\u00e3o.\u00a0<\/span><\/p>\n<p><span>Ser\u00e3o abordados os desafios regulat\u00f3rios, os impactos esperados para intermedi\u00e1rios financeiros e o papel das institui\u00e7\u00f5es p\u00fablicas na constru\u00e7\u00e3o de um arcabou\u00e7o normativo robusto.<\/span><\/p>\n<p><span>A programa\u00e7\u00e3o conta com a participa\u00e7\u00e3o de Vinicius Ratton Brandi, subsecret\u00e1rio de Reformas Microecon\u00f4micas e Regula\u00e7\u00e3o Financeira; Nagel Paulino, chefe de Divis\u00e3o no Departamento de Regula\u00e7\u00e3o do Banco Central; e Eric Altafim, diretor da Associa\u00e7\u00e3o Brasileira das Entidades dos Mercados Financeiro e de Capitais (Anbima) e do Ita\u00fa Unibanco.<\/span><\/p>\n<p><span>A media\u00e7\u00e3o ser\u00e1 feita por <\/span><a href=\"https:\/\/www.jota.info\/autor\/fabio-granerjota-info\" target=\"_blank\" rel=\"noopener\"><span>Fabio Graner<\/span><\/a><span>, analista do <span class=\"jota\">JOTA<\/span>.<\/span><\/p>\n<p><a href=\"https:\/\/www.youtube.com\/live\/79tD6XirMXY\" target=\"_blank\" rel=\"noopener\"><span>O debate ser\u00e1 transmitido online, pelo canal do <span class=\"jota\">JOTA<\/span> no YouTube.<\/span><\/a><\/p>","protected":false},"excerpt":{"rendered":"<p>Um debate para trazer luz ao tema da segrega\u00e7\u00e3o patrimonial em ativos digitais \u2013 ponto central para refor\u00e7ar a seguran\u00e7a de investidores e a estabilidade do mercado \u2013 ser\u00e1 realizado pela Casa JOTA, no dia 02 de dezembro de 2025, \u00e0s 10h. No encontro, agentes p\u00fablicos e especialistas v\u00e3o discutir como o PL 4932\/2023 pode [&hellip;]<\/p>\n","protected":false},"author":0,"featured_media":0,"comment_status":"open","ping_status":"open","sticky":false,"template":"","format":"standard","meta":[],"categories":[1],"tags":[],"_links":{"self":[{"href":"https:\/\/aprimora.site\/carvalhoalmeidaadvogados\/wp-json\/wp\/v2\/posts\/18680"}],"collection":[{"href":"https:\/\/aprimora.site\/carvalhoalmeidaadvogados\/wp-json\/wp\/v2\/posts"}],"about":[{"href":"https:\/\/aprimora.site\/carvalhoalmeidaadvogados\/wp-json\/wp\/v2\/types\/post"}],"replies":[{"embeddable":true,"href":"https:\/\/aprimora.site\/carvalhoalmeidaadvogados\/wp-json\/wp\/v2\/comments?post=18680"}],"version-history":[{"count":0,"href":"https:\/\/aprimora.site\/carvalhoalmeidaadvogados\/wp-json\/wp\/v2\/posts\/18680\/revisions"}],"wp:attachment":[{"href":"https:\/\/aprimora.site\/carvalhoalmeidaadvogados\/wp-json\/wp\/v2\/media?parent=18680"}],"wp:term":[{"taxonomy":"category","embeddable":true,"href":"https:\/\/aprimora.site\/carvalhoalmeidaadvogados\/wp-json\/wp\/v2\/categories?post=18680"},{"taxonomy":"post_tag","embeddable":true,"href":"https:\/\/aprimora.site\/carvalhoalmeidaadvogados\/wp-json\/wp\/v2\/tags?post=18680"}],"curies":[{"name":"wp","href":"https:\/\/api.w.org\/{rel}","templated":true}]}}