{"id":18644,"date":"2025-11-25T21:58:41","date_gmt":"2025-11-26T00:58:41","guid":{"rendered":"https:\/\/aprimora.site\/carvalhoalmeidaadvogados\/2025\/11\/25\/1a-turma-do-stf-confirma-prisao-definitiva-de-jair-bolsonaro-e-aliados-condenados\/"},"modified":"2025-11-25T21:58:41","modified_gmt":"2025-11-26T00:58:41","slug":"1a-turma-do-stf-confirma-prisao-definitiva-de-jair-bolsonaro-e-aliados-condenados","status":"publish","type":"post","link":"https:\/\/aprimora.site\/carvalhoalmeidaadvogados\/2025\/11\/25\/1a-turma-do-stf-confirma-prisao-definitiva-de-jair-bolsonaro-e-aliados-condenados\/","title":{"rendered":"1\u00aa Turma do STF confirma pris\u00e3o definitiva de Jair Bolsonaro e aliados condenados"},"content":{"rendered":"<p>A 1\u00aa Turma do Supremo Tribunal Federal (STF)\u00a0 confirmou, por unanimidade, nesta ter\u00e7a-feira (25\/11) o encerramento da a\u00e7\u00e3o penal contra o ex-presidente Jair Bolsonaro (PL) pela tentativa de golpe de Estado. Bolsonaro passa a cumprir de forma definitiva a pena de 27 anos e 3 meses de pris\u00e3o pelo caso \u2013 ele est\u00e1 preso desde s\u00e1bado (22\/11) por risco de fuga.<\/p>\n<p>Aliados do n\u00facleo crucial como militares do topo da hierarquia das For\u00e7as Armadas e ex-autoridades do primeiro escal\u00e3o do governo Bolsonaro tamb\u00e9m come\u00e7aram a cumprir suas penas. Aqueles que n\u00e3o estavam presos foram levados \u00e0 quart\u00e9is e \u00e0 Papuda ainda nesta ter\u00e7a-feira (25\/11). Braga Netto, que estava preso preventivamente, continuou no mesmo local. O deputado Alexandre Ramagem foi dado como foragido.<\/p>\n<p class=\"jota-cta\"><a href=\"https:\/\/conteudo.jota.info\/marketing-lp-newsletter-ultimas-noticias?utm_source=jota&amp;utm_medium=lp&amp;utm_campaign=23-09-2024-jota-lp-eleicoes-2024-eleicoes-2024-none-audiencias-none&amp;utm_content=eleicoes-2024&amp;utm_term=none\"><span>Assine gratuitamente a newsletter \u00daltimas Not\u00edcias do <span class=\"jota\">JOTA<\/span> e receba as principais not\u00edcias jur\u00eddicas e pol\u00edticas do dia no seu email<\/span><\/a><\/p>\n<p>O encerramento da a\u00e7\u00e3o penal foi assinado pelo relator da a\u00e7\u00e3o, ministro Alexandre de Moraes, de forma monocr\u00e1tica, e ele solicitou ao presidente da 1\u00aa Turma um julgamento do referendo da decis\u00e3o. Na an\u00e1lise pelo colegiado, seguiram seu voto os ministros Fl\u00e1vio Dino, C\u00e1rmen L\u00facia e Cristiano Zanin. A sess\u00e3o virtual extraordin\u00e1ria vai at\u00e9 as 19h de quarta-feira (26\/11).<\/p>\n<p>Durante o per\u00edodo da pena, Bolsonaro fica com seus direitos pol\u00edticos suspensos. Com isso, ele perde n\u00e3o s\u00f3 o direito de se eleger como de ser filiado a partido pol\u00edtico. O per\u00edodo de inelegibilidade ainda vai al\u00e9m, totalizando 8 anos ap\u00f3s o cumprimento da pena. Em tese, esse prazo vai at\u00e9 o ano de 2060.<\/p>\n<p>O ex-presidente j\u00e1 tem contra si duas condena\u00e7\u00f5es \u00e0 inelegibilidades que v\u00e3o at\u00e9 2030, ambas impostas pelo Tribunal Superior Eleitoral (TSE).<\/p>\n<p>A situa\u00e7\u00e3o coloca mais um obst\u00e1culo para a participa\u00e7\u00e3o de Bolsonaro no jogo pol\u00edtico de 2026. Preso em uma sala da Superintend\u00eancia Regional da Pol\u00edcia Federal (PF), em Bras\u00edlia, ele ter\u00e1 uma rotina de visitas mais restritas. Todos que forem v\u00ea-lo dever\u00e3o ser autorizados pelo STF, com exce\u00e7\u00e3o dos advogados e da equipe m\u00e9dica.<\/p>\n<p>Impedido de concorrer \u00e0s elei\u00e7\u00f5es de 2026, Bolsonaro dever\u00e1 apresentar um nome para herdar seu esp\u00f3lio pol\u00edtico.<\/p>\n<p class=\"jota-cta\"><a href=\"https:\/\/t.me\/jotanotelegram\">Inscreva-se no canal do <span class=\"jota\">JOTA<\/span> no Telegram e acompanhe as principais not\u00edcias, artigos e an\u00e1lises!<\/a><\/p>\n<p>Os demais r\u00e9us tamb\u00e9m perderam direitos pol\u00edticos e o STF determinou a cassa\u00e7\u00e3o do mandato de Ramagem. O colegiado tamb\u00e9m concordou que sejam oficiados o Superior Tribunal Militar (STM) e a Procuradoria-Geral do Minist\u00e9rio P\u00fablico Militar para decidirem sobre a perda do posto e das patentes dos condenados militares.<\/p>\n<h2>Veja a lista completa com o tempo de pena de pris\u00e3o e o local do cumprimento<\/h2>\n<p><strong>Anderson Torres<\/strong><br \/>\n24 anos de pris\u00e3o<br \/>\n19\u00ba Batalh\u00e3o de Pol\u00edcia Militar \u2013 PMDF, no Complexo Penitenci\u00e1rio da Papuda (Papudinha), Bras\u00edlia;<\/p>\n<p><strong>Almir Garnier<\/strong><br \/>\n24 anos de pris\u00e3o<br \/>\nEsta\u00e7\u00e3o R\u00e1dio da Marinha, Santa Maria, Bras\u00edlia;<\/p>\n<p><strong>Paulo S\u00e9rgio<\/strong><br \/>\n19 anos de pris\u00e3o<br \/>\nComando Militar do Planalto, Bras\u00edlia.<\/p>\n<p><strong>Alexandre Ramagem<\/strong><br \/>\n16 anos, 1 m\u00eas e 15 dias de pris\u00e3o<br \/>\nComo ele est\u00e1 foragido e fora do territ\u00f3rio nacional, Moraes determinou a expedi\u00e7\u00e3o do mandado de pris\u00e3o e inser\u00e7\u00e3o no Banco Nacional do Monitoramento de Pris\u00f5es (BNMP).<\/p>\n<p><strong>Braga Netto<\/strong><br \/>\n26 anos de pris\u00e3o<br \/>\npermanece na 1\u00aa Divis\u00e3o do Ex\u00e9rcito, Vila Militar, Rio de Janeiro;<\/p>\n<p><strong>Augusto Heleno<\/strong><br \/>\n21 anos de pris\u00e3o<br \/>\nComando Militar do Planalto, Bras\u00edlia.<\/p>\n<p><strong>Jair Bolsonaro<\/strong><br \/>\n27 anos de pris\u00e3o<br \/>\nSuperintend\u00eancia da Pol\u00edcia Federal do Distrito Federal<\/p>","protected":false},"excerpt":{"rendered":"<p>A 1\u00aa Turma do Supremo Tribunal Federal (STF)\u00a0 confirmou, por unanimidade, nesta ter\u00e7a-feira (25\/11) o encerramento da a\u00e7\u00e3o penal contra o ex-presidente Jair Bolsonaro (PL) pela tentativa de golpe de Estado. Bolsonaro passa a cumprir de forma definitiva a pena de 27 anos e 3 meses de pris\u00e3o pelo caso \u2013 ele est\u00e1 preso desde [&hellip;]<\/p>\n","protected":false},"author":0,"featured_media":0,"comment_status":"open","ping_status":"open","sticky":false,"template":"","format":"standard","meta":[],"categories":[1],"tags":[],"_links":{"self":[{"href":"https:\/\/aprimora.site\/carvalhoalmeidaadvogados\/wp-json\/wp\/v2\/posts\/18644"}],"collection":[{"href":"https:\/\/aprimora.site\/carvalhoalmeidaadvogados\/wp-json\/wp\/v2\/posts"}],"about":[{"href":"https:\/\/aprimora.site\/carvalhoalmeidaadvogados\/wp-json\/wp\/v2\/types\/post"}],"replies":[{"embeddable":true,"href":"https:\/\/aprimora.site\/carvalhoalmeidaadvogados\/wp-json\/wp\/v2\/comments?post=18644"}],"version-history":[{"count":0,"href":"https:\/\/aprimora.site\/carvalhoalmeidaadvogados\/wp-json\/wp\/v2\/posts\/18644\/revisions"}],"wp:attachment":[{"href":"https:\/\/aprimora.site\/carvalhoalmeidaadvogados\/wp-json\/wp\/v2\/media?parent=18644"}],"wp:term":[{"taxonomy":"category","embeddable":true,"href":"https:\/\/aprimora.site\/carvalhoalmeidaadvogados\/wp-json\/wp\/v2\/categories?post=18644"},{"taxonomy":"post_tag","embeddable":true,"href":"https:\/\/aprimora.site\/carvalhoalmeidaadvogados\/wp-json\/wp\/v2\/tags?post=18644"}],"curies":[{"name":"wp","href":"https:\/\/api.w.org\/{rel}","templated":true}]}}