{"id":18553,"date":"2025-11-22T15:58:21","date_gmt":"2025-11-22T18:58:21","guid":{"rendered":"https:\/\/aprimora.site\/carvalhoalmeidaadvogados\/2025\/11\/22\/cinco-motivos-que-levaram-bolsonaro-a-prisao-pelo-ministro-alexandre-de-moraes\/"},"modified":"2025-11-22T15:58:21","modified_gmt":"2025-11-22T18:58:21","slug":"cinco-motivos-que-levaram-bolsonaro-a-prisao-pelo-ministro-alexandre-de-moraes","status":"publish","type":"post","link":"https:\/\/aprimora.site\/carvalhoalmeidaadvogados\/2025\/11\/22\/cinco-motivos-que-levaram-bolsonaro-a-prisao-pelo-ministro-alexandre-de-moraes\/","title":{"rendered":"Cinco motivos que levaram Bolsonaro \u00e0 pris\u00e3o pelo ministro Alexandre de Moraes"},"content":{"rendered":"<p>O ministro <a href=\"https:\/\/www.jota.info\/tudo-sobre\/alexandre-de-moraes\">Alexandre de Moraes<\/a>, do Supremo Tribunal Federal (<a href=\"https:\/\/www.jota.info\/tudo-sobre\/stf\">STF<\/a>), determinou que o ex-presidente <a href=\"https:\/\/www.jota.info\/eleicoes\/jair-bolsonaro-a-trajetoria-militar-e-politica-do-presidente-que-busca-a-reeleicao\">Jair Bolsonaro<\/a> (PL) <a href=\"https:\/\/www.jota.info\/stf\/do-supremo\/por-que-alexandre-de-moraes-mandou-prender-jair-bolsonaro-veja-os-fundamentos\">fosse preso preventivamente neste s\u00e1bado por possibilidade de fuga<\/a> diante da condena\u00e7\u00e3o por tentativa de golpe de Estado.<\/p>\n<p>O ex-presidente est\u00e1 na Superintend\u00eancia da Pol\u00edcia Federal, em Bras\u00edlia. Com a pris\u00e3o, o ministro suspendeu as visitas j\u00e1 autorizadas no regime domiciliar, como a do governador de S\u00e3o Paulo, Tarc\u00edsio de Freitas, e negou o pedido de pris\u00e3o domiciliar humanit\u00e1ria, feito pela defesa de Bolsonaro.<\/p>\n<p class=\"jota-cta\"><a href=\"https:\/\/conteudo.jota.info\/marketing-lp-newsletter-ultimas-noticias?utm_source=jota&amp;utm_medium=lp&amp;utm_campaign=23-09-2024-jota-lp-eleicoes-2024-eleicoes-2024-none-audiencias-none&amp;utm_content=eleicoes-2024&amp;utm_term=none\"><span>Assine gratuitamente a newsletter \u00daltimas Not\u00edcias do <span class=\"jota\">JOTA<\/span> e receba as principais not\u00edcias jur\u00eddicas e pol\u00edticas do dia no seu email<\/span><\/a><\/p>\n<p>Ser\u00e1 feita uma audi\u00eancia de cust\u00f3dia no domingo (23\/11) \u00e0s 12h e na segunda-feira (24\/11) est\u00e1 marcado o julgamento para validar ou n\u00e3o a liminar de Moraes pelo colegiado da 1\u00aa Turma, composto tamb\u00e9m por Cristiano Zanin, Fl\u00e1vio Dino e C\u00e1rmen L\u00facia.<\/p>\n<p>O <strong><span class=\"jota\">JOTA<\/span><\/strong> separou cinco trechos da decis\u00e3o de Moraes para justificar a pris\u00e3o.<\/p>\n<h2>Viola\u00e7\u00e3o da tornozeleira<\/h2>\n<p>\u201cO Centro de Integra\u00e7\u00e3o de Monitora\u00e7\u00e3o Integrada do Distrito Federal comunicou a esta Suprema Corte a ocorr\u00eancia de viola\u00e7\u00e3o do equipamento de monitoramento eletr\u00f4nico do r\u00e9u Jair Messias Bolsonaro, \u00e0s 0h08min do dia 22\/11\/2025. A informa\u00e7\u00e3o constata a inten\u00e7\u00e3o do condenado de romper a tornozeleira eletr\u00f4nica para garantir \u00eaxito em sua fuga, facilitada pela confus\u00e3o causada pela manifesta\u00e7\u00e3o convocada por seu filho\u201d<\/p>\n<p>\u201cPor fim, ressalte-se que foram adotados todos as medidas poss\u00edveis para a manuten\u00e7\u00e3o da pris\u00e3o domiciliar de JAIR MESSIAS BOLSONARO, inclusive com monitoramento integral e destacamento de equipes da Pol\u00edcia Federal e Pol\u00edcia Penal do Distrito Federal e realiza\u00e7\u00e3o de escoltas policiais para deslocamentos, n\u00e3o se mostrando poss\u00edvel, por\u00e9m, a manuten\u00e7\u00e3o desse aparato para cessar o periculum libertatis do r\u00e9u\u201d<\/p>\n<h2>Vig\u00edlia convocada por Fl\u00e1vio Bolsonaro<\/h2>\n<p>\u201cNa data de 21\/11\/25, o filho do r\u00e9u, Senador da Rep\u00fablica Fl\u00e1vio Bolsonaro, publicou v\u00eddeo na rede social \u2018X\u2019, por meio do qual convoca manifestantes para uma \u2018VIG\u00cdLIA PELA SA\u00daDE DE BOLSONARO E PELA LIBERDADE NO BRASIL!\u2019, a ser realizada no s\u00e1bado, dia 22\/11\/2025, \u00e0s 19h, no bal\u00e3o do Jardim Bot\u00e2nico, na altura do condom\u00ednio Solar de Bras\u00edlia 2\u2033.<\/p>\n<p>\u201cO conte\u00fado da convoca\u00e7\u00e3o para a referida \u201cvig\u00edlia\u201d indica a poss\u00edvel tentativa da utiliza\u00e7\u00e3o de apoiadores do r\u00e9u Jair Messias Bolsonaro, em aglomera\u00e7\u00e3o a ser realizada no local de cumprimento de sua pris\u00e3o domiciliar, com a finalidade de obstruir a fiscaliza\u00e7\u00e3o das medidas cautelares e da pris\u00e3o domiciliar pela Pol\u00edcia Federal e pela Pol\u00edcia Pol\u00edcia Penal do Distrito Federal\u201d.<\/p>\n<p>\u201cO tumulto causado pela reuni\u00e3o il\u00edcita de apoiadores do r\u00e9u condenado tem alta possibilidade de colocar em risco a pris\u00e3o domiciliar imposta e a efetividade das medidas cautelares, facilitando eventual tentativa de fuga do r\u00e9u.\u201d<\/p>\n<h2>Proximidade das embaixadas<\/h2>\n<p>\u201cImportante destacar, ainda, que o condom\u00ednio do r\u00e9u est\u00e1 localizado a cerca de 13 km (treze quil\u00f4metros) do Setor de Embaixadas Sul de Bras\u00edlia\/DF, onde fica localizada a embaixada dos Estados Unidos da Am\u00e9rica, em uma dist\u00e2ncia que pode ser percorrida em cerca de 15 (quinze) minutos de carro. Rememoro que o r\u00e9u, conforme apurado nestes autos, planejou, durante a investiga\u00e7\u00e3o que posteriormente resultou na sua condena\u00e7\u00e3o, a fuga para a embaixada da Argentina, por meio de solicita\u00e7\u00e3o de asilo pol\u00edtico \u00e0quele pa\u00eds\u201d.<\/p>\n<h2 class=\"jota-cta\">Fugas anteriores de aliados<\/h2>\n<p>\u201cN\u00e3o bastassem os grav\u00edssimos ind\u00edcios da eventual tentativa de fuga do r\u00e9u JAIR MESSIAS BOLSONARO acima mencionados, \u00e9 importante destacar que o corr\u00e9u ALEXANDRE RAMAGEM RODRIGUES, a sua aliada pol\u00edtica CARLA ZAMBELLI, ambos condenados por esta SUPREMA CORTE; e o filho do r\u00e9u, EDUARDO NANTES BOLSONARO, denunciado pela Procuradoria-Geral da Rep\u00fablica no SUPREMO TRIBUNAL FEDERAL, tamb\u00e9m se valeram da estrat\u00e9gia de evas\u00e3o do territ\u00f3rio nacional, com objetivo de se furtar \u00e0 aplica\u00e7\u00e3o da lei penal\u201d.<\/p>\n<p>\u201cEspecificamente no caso de CARLA ZAMBELLI e EDUARDO BOLSONARO NANTES BOLSONARO, a fuga, al\u00e9m da tentativa de impedir a aplica\u00e7\u00e3o da lei penal, tamb\u00e9m teve como prop\u00f3sito a continuidade do cometimento dos crimes de coa\u00e7\u00e3o no curso do processo (art. 344 do C\u00f3digo Penal), obstru\u00e7\u00e3o de investiga\u00e7\u00e3o de infra\u00e7\u00e3o penal que envolva organiza\u00e7\u00e3o criminosa (art. 2\u00ba, \u00a7 1 \u00ba, da Lei 12.850\/13) e aboli\u00e7\u00e3o violenta do Estado Democr\u00e1tico de Direito (art. 359- L do C\u00f3digo Penal)\u201d.<\/p>\n<h2>Perigo de reedi\u00e7\u00e3o do modus operandi golpista<\/h2>\n<p>\u201cO desrespeito \u00e0 Constitui\u00e7\u00e3o Federal, \u00e0 Democracia e ao Poder Judici\u00e1rio permanece por parte da organiza\u00e7\u00e3o criminosa. Mesmo o SUPREMO TRIBUNAL FEDERAL tendo condenado seu n\u00facleo crucial por Atentado ao Estado Democr\u00e1tico de Direito e Golpe de Estado, a organiza\u00e7\u00e3o criminosamente articulou a fuga de um dos condenados, ALEXANDRE RAMAGEM, e, agora, pretende reviver os acampamentos ilegais que geraram o deplor\u00e1vel dia 8\/1\/2023, utilizando-se de influ\u00eancia pol\u00edtica por parte do filho do l\u00edder da organiza\u00e7\u00e3o criminosa JAIR MESSIAS BOLSONARO\u201d.<\/p>\n<p>\u201cA Democracia brasileira atingiu a maturidade suficiente para afastar e responsabilizar pat\u00e9ticas iniciativas ilegais em defesa de organiza\u00e7\u00e3o criminosa respons\u00e1vel por tentativa de golpe de Estado no Brasil\u201d.<\/p>","protected":false},"excerpt":{"rendered":"<p>O ministro Alexandre de Moraes, do Supremo Tribunal Federal (STF), determinou que o ex-presidente Jair Bolsonaro (PL) fosse preso preventivamente neste s\u00e1bado por possibilidade de fuga diante da condena\u00e7\u00e3o por tentativa de golpe de Estado. O ex-presidente est\u00e1 na Superintend\u00eancia da Pol\u00edcia Federal, em Bras\u00edlia. Com a pris\u00e3o, o ministro suspendeu as visitas j\u00e1 autorizadas [&hellip;]<\/p>\n","protected":false},"author":0,"featured_media":0,"comment_status":"open","ping_status":"open","sticky":false,"template":"","format":"standard","meta":[],"categories":[1],"tags":[],"_links":{"self":[{"href":"https:\/\/aprimora.site\/carvalhoalmeidaadvogados\/wp-json\/wp\/v2\/posts\/18553"}],"collection":[{"href":"https:\/\/aprimora.site\/carvalhoalmeidaadvogados\/wp-json\/wp\/v2\/posts"}],"about":[{"href":"https:\/\/aprimora.site\/carvalhoalmeidaadvogados\/wp-json\/wp\/v2\/types\/post"}],"replies":[{"embeddable":true,"href":"https:\/\/aprimora.site\/carvalhoalmeidaadvogados\/wp-json\/wp\/v2\/comments?post=18553"}],"version-history":[{"count":0,"href":"https:\/\/aprimora.site\/carvalhoalmeidaadvogados\/wp-json\/wp\/v2\/posts\/18553\/revisions"}],"wp:attachment":[{"href":"https:\/\/aprimora.site\/carvalhoalmeidaadvogados\/wp-json\/wp\/v2\/media?parent=18553"}],"wp:term":[{"taxonomy":"category","embeddable":true,"href":"https:\/\/aprimora.site\/carvalhoalmeidaadvogados\/wp-json\/wp\/v2\/categories?post=18553"},{"taxonomy":"post_tag","embeddable":true,"href":"https:\/\/aprimora.site\/carvalhoalmeidaadvogados\/wp-json\/wp\/v2\/tags?post=18553"}],"curies":[{"name":"wp","href":"https:\/\/api.w.org\/{rel}","templated":true}]}}