{"id":18535,"date":"2025-11-21T17:58:55","date_gmt":"2025-11-21T20:58:55","guid":{"rendered":"https:\/\/aprimora.site\/carvalhoalmeidaadvogados\/2025\/11\/21\/tarcisio-nao-e-candidato-natural-a-presidente-diz-eduardo-bolsonaro\/"},"modified":"2025-11-21T17:58:55","modified_gmt":"2025-11-21T20:58:55","slug":"tarcisio-nao-e-candidato-natural-a-presidente-diz-eduardo-bolsonaro","status":"publish","type":"post","link":"https:\/\/aprimora.site\/carvalhoalmeidaadvogados\/2025\/11\/21\/tarcisio-nao-e-candidato-natural-a-presidente-diz-eduardo-bolsonaro\/","title":{"rendered":"Tarc\u00edsio n\u00e3o \u00e9 candidato natural a presidente, diz Eduardo Bolsonaro"},"content":{"rendered":"<p>Em entrevista ao <strong><span class=\"jota\">JOTA<\/span><\/strong> nesta sexta-feira (21\/11), o deputado federal Eduardo Bolsonaro (PL-SP) disse que o governador de S\u00e3o Paulo, Tarc\u00edsio de Freitas (Republicanos), n\u00e3o tem \u201c\u00e2nsia\u201d de se tornar presidente da Rep\u00fablica e depende do apoio de Jair Bolsonaro (PL).<\/p>\n<p>\u201cTem muita gente que n\u00e3o \u00e9 de S\u00e3o Paulo e n\u00e3o conhece o Tarc\u00edsio. Ele tem seus m\u00e9ritos e tem seus defeitos. Mas eu acho que n\u00e3o seria natural a candidatura dele, porque ele \u00e9 uma pessoa muito forte em S\u00e3o Paulo e tem uma reelei\u00e7\u00e3o para governador garantida\u201d, afirmou. \u201cEle n\u00e3o tem essa \u00e2nsia de se tornar presidente. Mas Tarc\u00edsio depende do apoio de Jair Bolsonaro, porque ainda n\u00e3o se fez uma lideran\u00e7a nacional\u201d.<\/p>\n<p class=\"jota-cta\"><a href=\"https:\/\/conteudo.jota.info\/marketing-lp-newsletter-ultimas-noticias?utm_source=jota&amp;utm_medium=lp&amp;utm_campaign=23-09-2024-jota-lp-eleicoes-2024-eleicoes-2024-none-audiencias-none&amp;utm_content=eleicoes-2024&amp;utm_term=none\"><span>Assine gratuitamente a newsletter \u00daltimas Not\u00edcias do <span class=\"jota\">JOTA<\/span> e receba as principais not\u00edcias jur\u00eddicas e pol\u00edticas do dia no seu email<\/span><\/a><\/p>\n<p>A entrevista com Eduardo Bolsonaro faz parte da s\u00e9rie Personas 2026, uma sequ\u00eancia de entrevistas que o <strong><span class=\"jota\">JOTA<\/span><\/strong> far\u00e1 com os principais personagens pol\u00edticos para ficar de olho at\u00e9 as elei\u00e7\u00f5es do ano que vem. <a href=\"https:\/\/www.jota.info\/eleicoes\/nao-vamos-aceitar-um-ajuste-que-seja-sobre-o-salario-minimo-e-a-renda-diz-jose-dirceu\">O primeiro entrevistado foi o ex-deputado Jos\u00e9 Dirceu, fundador do PT<\/a>.<\/p>\n<p>Para Eduardo Bolsonaro, seria interessante uma candidatura em que seu irm\u00e3o e senador, Fl\u00e1vio Bolsonaro (PL-RJ), figurasse como cabe\u00e7a da chapa em uma composi\u00e7\u00e3o com Tarc\u00edsio. \u201cEles dois t\u00eam dito que est\u00e3o juntos nessas elei\u00e7\u00f5es de 2026\u201d, afirmou.<\/p>\n<p>O deputado disse que Tarc\u00edsio chegou ao governo paulista sem ter passado por nenhum cargo pol\u00edtico anterior, e que fez um \u201cexcelente trabalho\u201d no Minist\u00e9rio da Infraestrutura do governo Bolsonaro. \u201cMas \u00e9 um trabalho t\u00e9cnico. Quando voc\u00ea entra para a pol\u00edtica, n\u00e3o pode ter avers\u00e3o \u00e0 pol\u00edtica e ser o t\u00e9cnico que voc\u00ea era dentro do minist\u00e9rio, ent\u00e3o isso traz muitas ressalvas\u201d, afirmou.<\/p>\n<p class=\"jota-cta\"><a href=\"https:\/\/t.me\/jotanotelegram\">Inscreva-se no canal do <span class=\"jota\">JOTA<\/span> no Telegram e acompanhe as principais not\u00edcias, artigos e an\u00e1lises!<\/a><\/p>\n<p>Segundo Eduardo Bolsonaro, o governador de S\u00e3o Paulo \u201cainda acredita no di\u00e1logo\u201d com autoridades do Supremo Tribunal Federal (STF). \u201cO Tarc\u00edsio acredita ainda que vai mais no di\u00e1logo e pelo di\u00e1logo acho que j\u00e1 se demonstrou ineficiente e arrastou a gente para a posi\u00e7\u00e3o que a gente est\u00e1 hoje em dia. E por isso tenho tido muito apoio dentro desta base bolsonarista\u201d.<\/p>\n<p>Questionado se acredita que Tarc\u00edsio \u00e9 um bolsonarista, Eduardo ponderou. \u201cSe for uma pessoa pr\u00f3xima de Jair Bolsonaro, sim ele \u00e9 bolsonarista. Se for pela sua conduta pol\u00edtica, deixaria uma d\u00favida no ar. Mas de qualquer maneira, \u00e9 uma pessoa que tem suas qualidades e seus defeitos\u201d.<\/p>\n<p class=\"jota-cta\"><a href=\"https:\/\/whatsapp.com\/channel\/0029VaFvFd73rZZflK7yGD0I\">Inscreva-se no canal de not\u00edcias do <span class=\"jota\">JOTA<\/span> no WhatsApp e fique por dentro das principais discuss\u00f5es do pa\u00eds!<\/a><\/p>\n<p>Em rela\u00e7\u00e3o a outros governadores de direita que se colocam em uma poss\u00edvel disputa presidencial, a exemplo de Romeu Zema, em Minas Gerais, e Ronaldo Caiado, em Goi\u00e1s, Eduardo considera todos como \u201cfiguras conhecidas localmente\u201d e que poderiam se lan\u00e7ar com mais chances, caso conseguissem ter uma proximidade com a base bolsonarista.<\/p>\n<p>\u201cPor que colocar como condi\u00e7\u00e3o a retirada dessas pessoas da corrida presidencial? A quem isso beneficia? Tem que deixar o Bolsonaro concreto. Vai dar problema se quiserem retirar o Bolsonaro no tapet\u00e3o\u201d, questionou Eduardo Bolsonaro, a respeito de poss\u00edveis consequ\u00eancias de um pleito sem a participa\u00e7\u00e3o do seu pai, como uma suposta falta de reconhecimento pela comunidade internacional.<\/p>\n<h2>Assista \u00e0 entrevista de Eduardo Bolsonaro ao <span class=\"jota\">JOTA<\/span> na \u00edntegra<\/h2>\n<div class=\"jota-article__embed\"><\/div>","protected":false},"excerpt":{"rendered":"<p>Em entrevista ao JOTA nesta sexta-feira (21\/11), o deputado federal Eduardo Bolsonaro (PL-SP) disse que o governador de S\u00e3o Paulo, Tarc\u00edsio de Freitas (Republicanos), n\u00e3o tem \u201c\u00e2nsia\u201d de se tornar presidente da Rep\u00fablica e depende do apoio de Jair Bolsonaro (PL). \u201cTem muita gente que n\u00e3o \u00e9 de S\u00e3o Paulo e n\u00e3o conhece o Tarc\u00edsio. [&hellip;]<\/p>\n","protected":false},"author":0,"featured_media":0,"comment_status":"open","ping_status":"open","sticky":false,"template":"","format":"standard","meta":[],"categories":[1],"tags":[],"_links":{"self":[{"href":"https:\/\/aprimora.site\/carvalhoalmeidaadvogados\/wp-json\/wp\/v2\/posts\/18535"}],"collection":[{"href":"https:\/\/aprimora.site\/carvalhoalmeidaadvogados\/wp-json\/wp\/v2\/posts"}],"about":[{"href":"https:\/\/aprimora.site\/carvalhoalmeidaadvogados\/wp-json\/wp\/v2\/types\/post"}],"replies":[{"embeddable":true,"href":"https:\/\/aprimora.site\/carvalhoalmeidaadvogados\/wp-json\/wp\/v2\/comments?post=18535"}],"version-history":[{"count":0,"href":"https:\/\/aprimora.site\/carvalhoalmeidaadvogados\/wp-json\/wp\/v2\/posts\/18535\/revisions"}],"wp:attachment":[{"href":"https:\/\/aprimora.site\/carvalhoalmeidaadvogados\/wp-json\/wp\/v2\/media?parent=18535"}],"wp:term":[{"taxonomy":"category","embeddable":true,"href":"https:\/\/aprimora.site\/carvalhoalmeidaadvogados\/wp-json\/wp\/v2\/categories?post=18535"},{"taxonomy":"post_tag","embeddable":true,"href":"https:\/\/aprimora.site\/carvalhoalmeidaadvogados\/wp-json\/wp\/v2\/tags?post=18535"}],"curies":[{"name":"wp","href":"https:\/\/api.w.org\/{rel}","templated":true}]}}