{"id":18397,"date":"2025-11-17T12:58:29","date_gmt":"2025-11-17T15:58:29","guid":{"rendered":"https:\/\/aprimora.site\/carvalhoalmeidaadvogados\/2025\/11\/17\/em-belem-ministro-do-meio-ambiente-alemao-diz-que-aporte-no-tfff-pode-ser-anunciado-em-breve\/"},"modified":"2025-11-17T12:58:29","modified_gmt":"2025-11-17T15:58:29","slug":"em-belem-ministro-do-meio-ambiente-alemao-diz-que-aporte-no-tfff-pode-ser-anunciado-em-breve","status":"publish","type":"post","link":"https:\/\/aprimora.site\/carvalhoalmeidaadvogados\/2025\/11\/17\/em-belem-ministro-do-meio-ambiente-alemao-diz-que-aporte-no-tfff-pode-ser-anunciado-em-breve\/","title":{"rendered":"Em Bel\u00e9m, ministro do Meio Ambiente alem\u00e3o diz que aporte no TFFF pode ser anunciado em breve"},"content":{"rendered":"<p>O ministro do Meio Ambiente, Carsten Schneider, disse que o pa\u00eds se comprometeu a apoiar o Fundo Florestas Tropicais para Sempre (TFFF) e refor\u00e7ou que an\u00fancio pode acontecer nos pr\u00f3ximos dias.<\/p>\n<h3><a href=\"https:\/\/www.jota.info\/produtos\/poder?utm_source=cta-site&amp;utm_medium=site&amp;utm_campaign=campanha_poder_q2&amp;utm_id=cta_texto_poder_q2_2023&amp;utm_term=cta_texto_poder&amp;utm_term=cta_texto_poder_meio_materias\"><span>Conhe\u00e7a o <span class=\"jota\">JOTA<\/span> PRO Poder, plataforma de monitoramento que oferece transpar\u00eancia e previsibilidade para empresas<\/span><\/a><\/h3>\n<p>Ao afirmar que conversou com as inst\u00e2ncias superiores em seu pa\u00eds nos \u00faltimos dias, repetiu a mensagem do chanceler alem\u00e3o Friedrich Merz da semana passada: \u201cEspero que possamos dizer exatamente quanto dinheiro ser\u00e1 envolvido em breve\u201d, disse. \u201cMas podem ter certeza de que, se a Alemanha aderir, ser\u00e1 feito da maneira correta\u201d.<\/p>\n<p>At\u00e9 agora, o fundo lan\u00e7ado oficialmente pelo presidente <a href=\"https:\/\/www.jota.info\/tudo-sobre\/lula\">Lula<\/a> em <a href=\"https:\/\/www.jota.info\/tudo-sobre\/Bel%C3%A9m\">Bel\u00e9m<\/a> j\u00e1 conta com a promessa de quase US$ 6 bilh\u00f5es em aportes. Deste total, US$ 3 bilh\u00f5es correspondem ao valor que deve ser alocado pela Noruega. Brasil e Indon\u00e9sia se comprometeram com US$ 1 bilh\u00e3o e a Fran\u00e7a com 500 milh\u00f5es de euros. Portugal prometeu um aporte \u201cinicial\u201d de US$ 1 milh\u00e3o. J\u00e1 o fundador da mineradora Fortescue, o australiano Andrew Forrest anunciou que investir\u00e1 US$ 10 milh\u00f5es, via sua funda\u00e7\u00e3o Minderoo. O TFFF ainda n\u00e3o est\u00e1 preparado para receber esses recursos.<\/p>\n<p>Segundo o UNFCCC, o financiamento florestal global permanece muito abaixo do n\u00edvel necess\u00e1rio conter o desmatamento e para atingir as metas clim\u00e1ticas e de biodiversidade das Conven\u00e7\u00f5es do Rio, bem como as seis Metas Florestais Globais e as metas associadas, at\u00e9 2030.<\/p>\n<p>Em 2023, o fluxo total de financiamento florestal totalizou US$ 84 bilh\u00f5es por ano. Para atingir essas metas (e efetivamente acabar com o desmatamento), s\u00e3o necess\u00e1rios pelo menos US$ 300 bilh\u00f5es anualmente, o que deixa uma lacuna de financiamento florestal global de US$ 216 bilh\u00f5es por ano.<\/p>","protected":false},"excerpt":{"rendered":"<p>O ministro do Meio Ambiente, Carsten Schneider, disse que o pa\u00eds se comprometeu a apoiar o Fundo Florestas Tropicais para Sempre (TFFF) e refor\u00e7ou que an\u00fancio pode acontecer nos pr\u00f3ximos dias. Conhe\u00e7a o JOTA PRO Poder, plataforma de monitoramento que oferece transpar\u00eancia e previsibilidade para empresas Ao afirmar que conversou com as inst\u00e2ncias superiores em [&hellip;]<\/p>\n","protected":false},"author":0,"featured_media":0,"comment_status":"open","ping_status":"open","sticky":false,"template":"","format":"standard","meta":[],"categories":[1],"tags":[],"_links":{"self":[{"href":"https:\/\/aprimora.site\/carvalhoalmeidaadvogados\/wp-json\/wp\/v2\/posts\/18397"}],"collection":[{"href":"https:\/\/aprimora.site\/carvalhoalmeidaadvogados\/wp-json\/wp\/v2\/posts"}],"about":[{"href":"https:\/\/aprimora.site\/carvalhoalmeidaadvogados\/wp-json\/wp\/v2\/types\/post"}],"replies":[{"embeddable":true,"href":"https:\/\/aprimora.site\/carvalhoalmeidaadvogados\/wp-json\/wp\/v2\/comments?post=18397"}],"version-history":[{"count":0,"href":"https:\/\/aprimora.site\/carvalhoalmeidaadvogados\/wp-json\/wp\/v2\/posts\/18397\/revisions"}],"wp:attachment":[{"href":"https:\/\/aprimora.site\/carvalhoalmeidaadvogados\/wp-json\/wp\/v2\/media?parent=18397"}],"wp:term":[{"taxonomy":"category","embeddable":true,"href":"https:\/\/aprimora.site\/carvalhoalmeidaadvogados\/wp-json\/wp\/v2\/categories?post=18397"},{"taxonomy":"post_tag","embeddable":true,"href":"https:\/\/aprimora.site\/carvalhoalmeidaadvogados\/wp-json\/wp\/v2\/tags?post=18397"}],"curies":[{"name":"wp","href":"https:\/\/api.w.org\/{rel}","templated":true}]}}