{"id":18388,"date":"2025-11-17T10:58:37","date_gmt":"2025-11-17T13:58:37","guid":{"rendered":"https:\/\/aprimora.site\/carvalhoalmeidaadvogados\/2025\/11\/17\/susep-avalia-revisao-de-regulacao-voltada-para-sustentabilidade-e-riscos-climaticos\/"},"modified":"2025-11-17T10:58:37","modified_gmt":"2025-11-17T13:58:37","slug":"susep-avalia-revisao-de-regulacao-voltada-para-sustentabilidade-e-riscos-climaticos","status":"publish","type":"post","link":"https:\/\/aprimora.site\/carvalhoalmeidaadvogados\/2025\/11\/17\/susep-avalia-revisao-de-regulacao-voltada-para-sustentabilidade-e-riscos-climaticos\/","title":{"rendered":"Susep avalia revis\u00e3o de regula\u00e7\u00e3o voltada para sustentabilidade e riscos clim\u00e1ticos"},"content":{"rendered":"<p>A Superintend\u00eancia de Seguros Privados (<a href=\"https:\/\/www.jota.info\/tudo-sobre\/susep\">Susep<\/a>) trabalha para revis\u00e3o de sua regula\u00e7\u00e3o para a sustentabilidade e os <a href=\"https:\/\/www.jota.info\/tudo-sobre\/mudancas-climaticas\">riscos clim\u00e1ticos<\/a>. A revis\u00e3o da norma 666 est\u00e1 na frente da lista, segundo informou ao <strong><span class=\"jota\">JOTA<\/span><\/strong> no s\u00e1bado (15\/11) a diretora de Organiza\u00e7\u00e3o de Mercado e Regula\u00e7\u00e3o de Conduta, J\u00e9ssica Bastos, ap\u00f3s o painel \u201cPlanos de transi\u00e7\u00e3o: acelerando e ampliando uma transi\u00e7\u00e3o justa rumo a uma economia net-zero resiliente\u201d, na casa do Seguro na <a href=\"https:\/\/www.jota.info\/coberturas-especiais\/dialogos-da-cop30\">COP30<\/a>.<\/p>\n<p>\u201cA Susep tem obriga\u00e7\u00e3o legal de revisar seu estoque regulat\u00f3rio entre 5 e 10 anos, a depender da criticidade do tema. E esse tema da sustentabilidade demanda uma agilidade maior e, portanto, uma revis\u00e3o do nosso normativo num per\u00edodo, num espa\u00e7o mais curto\u201d, disse Bastos.<\/p>\n<p class=\"jota-cta\"><a href=\"https:\/\/www.jota.info\/produtos\/poder?utm_source=cta-site&amp;utm_medium=site&amp;utm_campaign=campanha_poder_q2&amp;utm_id=cta_texto_poder_q2_2023&amp;utm_term=cta_texto_poder&amp;utm_term=cta_texto_poder_meio_materias\"><span>Conhe\u00e7a o <span class=\"jota\">JOTA<\/span> PRO Poder, plataforma de monitoramento que oferece transpar\u00eancia e previsibilidade para empresas<\/span><\/a><\/p>\n<p>Ela n\u00e3o deu detalhes, mas explicou que a ideia \u00e9 buscar maior padroniza\u00e7\u00e3o e alinhamento com as regras internacionais do setor de seguros. Hoje, explica, h\u00e1 um padr\u00e3o nacional, mas existe oportunidade de aproxima\u00e7\u00e3o aos padr\u00f5es internacionais, facilitando compara\u00e7\u00e3o e gest\u00e3o de riscos.<\/p>\n<p>Apesar de apontar prioridade no tema, Bastos n\u00e3o se comprometeu com um prazo para concluir essa revis\u00e3o.<\/p>\n<p>A diretora destacou ainda que o \u00f3rg\u00e3o regulador do mercado de seguros j\u00e1 tem tido avan\u00e7os em temas como as regras de transpar\u00eancia previstas na Resolu\u00e7\u00e3o 473, adotada no ano passado.<\/p>\n<p>\u201cVoc\u00ea s\u00f3 pode chamar de sustent\u00e1vel se de fato investir em fundos sustent\u00e1veis nos termos da CVM. Por enquanto \u00e9 uma regra de transpar\u00eancia. A gente n\u00e3o manda investir, a gente s\u00f3 diz que, se a empresa quiser chamar de sustent\u00e1vel, tem que cumprir as regras de transpar\u00eancia que incentivam o direcionamento de investimentos dessas seguradoras para fundos sustent\u00e1veis\u201d, afirmou.<\/p>\n<p>Para ela, seguir essa orienta\u00e7\u00e3o refor\u00e7a o papel das seguradoras como investidoras institucionais na agenda de sustentabilidade.<\/p>\n<p><em>* A reportagem viajou a Bel\u00e9m a convite da CNSeg.<\/em><\/p>","protected":false},"excerpt":{"rendered":"<p>A Superintend\u00eancia de Seguros Privados (Susep) trabalha para revis\u00e3o de sua regula\u00e7\u00e3o para a sustentabilidade e os riscos clim\u00e1ticos. A revis\u00e3o da norma 666 est\u00e1 na frente da lista, segundo informou ao JOTA no s\u00e1bado (15\/11) a diretora de Organiza\u00e7\u00e3o de Mercado e Regula\u00e7\u00e3o de Conduta, J\u00e9ssica Bastos, ap\u00f3s o painel \u201cPlanos de transi\u00e7\u00e3o: acelerando [&hellip;]<\/p>\n","protected":false},"author":0,"featured_media":0,"comment_status":"open","ping_status":"open","sticky":false,"template":"","format":"standard","meta":[],"categories":[1],"tags":[],"_links":{"self":[{"href":"https:\/\/aprimora.site\/carvalhoalmeidaadvogados\/wp-json\/wp\/v2\/posts\/18388"}],"collection":[{"href":"https:\/\/aprimora.site\/carvalhoalmeidaadvogados\/wp-json\/wp\/v2\/posts"}],"about":[{"href":"https:\/\/aprimora.site\/carvalhoalmeidaadvogados\/wp-json\/wp\/v2\/types\/post"}],"replies":[{"embeddable":true,"href":"https:\/\/aprimora.site\/carvalhoalmeidaadvogados\/wp-json\/wp\/v2\/comments?post=18388"}],"version-history":[{"count":0,"href":"https:\/\/aprimora.site\/carvalhoalmeidaadvogados\/wp-json\/wp\/v2\/posts\/18388\/revisions"}],"wp:attachment":[{"href":"https:\/\/aprimora.site\/carvalhoalmeidaadvogados\/wp-json\/wp\/v2\/media?parent=18388"}],"wp:term":[{"taxonomy":"category","embeddable":true,"href":"https:\/\/aprimora.site\/carvalhoalmeidaadvogados\/wp-json\/wp\/v2\/categories?post=18388"},{"taxonomy":"post_tag","embeddable":true,"href":"https:\/\/aprimora.site\/carvalhoalmeidaadvogados\/wp-json\/wp\/v2\/tags?post=18388"}],"curies":[{"name":"wp","href":"https:\/\/api.w.org\/{rel}","templated":true}]}}