{"id":18376,"date":"2025-11-17T05:59:00","date_gmt":"2025-11-17T08:59:00","guid":{"rendered":"https:\/\/aprimora.site\/carvalhoalmeidaadvogados\/2025\/11\/17\/horizonte-de-curto-prazo-contamina-avaliacao-da-disputa-presidencial\/"},"modified":"2025-11-17T05:59:00","modified_gmt":"2025-11-17T08:59:00","slug":"horizonte-de-curto-prazo-contamina-avaliacao-da-disputa-presidencial","status":"publish","type":"post","link":"https:\/\/aprimora.site\/carvalhoalmeidaadvogados\/2025\/11\/17\/horizonte-de-curto-prazo-contamina-avaliacao-da-disputa-presidencial\/","title":{"rendered":"Horizonte de curto prazo contamina avalia\u00e7\u00e3o da disputa presidencial"},"content":{"rendered":"<p>A avalia\u00e7\u00e3o de que a pol\u00edtica brasileira \u00e9 polarizada tornou-se lugar comum. Essa polariza\u00e7\u00e3o, contudo, \u00e9 bastante <em>sui generis<\/em>, dado que um dos polos n\u00e3o possui direitos pol\u00edticos por conta de condena\u00e7\u00e3o pela Justi\u00e7a Eleitoral.<\/p>\n<p>Assim, um dos debates mais importantes da conjuntura \u00e9 a busca pelo nome capaz de representar o antipetismo na<a href=\"https:\/\/www.jota.info\/TUDO-SOBRE\/elei%C3%A7%C3%B5es%202026\"> elei\u00e7\u00e3o presidencial de 2026<\/a>. A temporada de especula\u00e7\u00f5es est\u00e1 em pleno vapor e elas costumam estar associadas \u00e0 quase antecipa\u00e7\u00e3o do resultado eleitoral.<\/p>\n<h3><a href=\"https:\/\/www.jota.info\/produtos\/poder?utm_source=cta-site&amp;utm_medium=site&amp;utm_campaign=campanha_poder_q2&amp;utm_id=cta_texto_poder_q2_2023&amp;utm_term=cta_texto_poder&amp;utm_term=cta_texto_poder_meio_materias\"><span>Conhe\u00e7a o <span class=\"jota\">JOTA<\/span> PRO Poder, plataforma de monitoramento que oferece transpar\u00eancia e previsibilidade para empresas<\/span><\/a><\/h3>\n<p>A leitura da disputa presidencial antes da celeuma entre Brasil e EUA era de que o governo n\u00e3o conseguiria se reeleger. A despeito do quadro econ\u00f4mico, especialmente do crescimento da renda e do mercado de trabalho, a avalia\u00e7\u00e3o de governo permanecia negativa, o que resultava em constantes derrotas no Legislativo e movimento de abandono dos partidos da centro-direita da coaliz\u00e3o de governo. Uma leitura da aprecia\u00e7\u00e3o do real frente ao d\u00f3lar atribu\u00eda esse movimento ao otimismo dos agentes econ\u00f4micos com a quase certa derrota do lulismo em 2026.<\/p>\n<p>As divis\u00f5es no interior da direita agravadas com a celeuma em torno de Donald Trump reverteram as previs\u00f5es para quase vit\u00f3ria garantida do governo. A direita estaria travada na escolha do seu candidato, dados os dilemas do ex-presidente Jair Bolsonaro entre o n\u00facleo familiar que aposta no tensionamento institucional e o pragmatismo do centr\u00e3o que prefere um projeto constru\u00eddo pela pol\u00edtica tradicional.<\/p>\n<p>Uma hora, o governador <a href=\"https:\/\/www.jota.info\/tudo-sobre\/tarcisio-de-freitas\">Tarc\u00edsio de Freitas<\/a> (Republicanos) j\u00e1 seria a cabe\u00e7a da chapa presidencial ap\u00f3s poss\u00edvel migra\u00e7\u00e3o para o PL, movimento que s\u00f3 precisaria do aval do ex-presidente Bolsonaro. Em paralelo, caso esse plano seja escolhido, <a href=\"https:\/\/www.jota.info\/tudo-sobre\/eduardo-bolsonaro\">Eduardo Bolsonaro<\/a> (PL-SP) anuncia que disputar\u00e1 a elei\u00e7\u00e3o presidencial. Em meio \u00e0s complexidades da engenharia pol\u00edtica por tr\u00e1s da candidatura de oposi\u00e7\u00e3o, o nome do governador do Paran\u00e1, <a href=\"https:\/\/www.jota.info\/tudo-sobre\/Ratinho-j%C3%BAnior\">Ratinho Junior<\/a> (PSD), cresceu nas bolsas de apostas.<\/p>\n<p>O destino de Tarc\u00edsio personifica, nesse sentido, a avalia\u00e7\u00e3o sobre a impossibilidade de vit\u00f3ria da direita. Preso entre a necessidade de obter a \u201cben\u00e7\u00e3o\u201d do ex-presidente e o aceno a uma candidatura moderada, Tarc\u00edsio teria desistido da disputa diante da for\u00e7a do presidente <a href=\"https:\/\/www.jota.info\/tudo-sobre\/lula\">Lula<\/a> e, especialmente, pelo custo reputacional mais alto a partir do aumento da rejei\u00e7\u00e3o bolsonarista.<\/p>\n<p>Essa perspectiva mais desafiadora para a direita resulta no boom de especula\u00e7\u00f5es em torno de nomes para enfrentar Lula. As evid\u00eancias, contudo, sugerem peso secund\u00e1rio do candidato, diante de um quadro de cristaliza\u00e7\u00e3o das prefer\u00eancias eleitorais. O argumento do texto \u00e9 de que os fatores ambientais s\u00e3o mais importantes para definir o sucesso do projeto da oposi\u00e7\u00e3o em 2026.<\/p>\n<p>Esse efeito cont\u00e1gio \u00e9 consequ\u00eancia direta da cristaliza\u00e7\u00e3o do eleitorado. O patamar de rejei\u00e7\u00e3o de um candidato n\u00e3o se d\u00e1 apenas em fun\u00e7\u00e3o de algum atributo individual, mas da posi\u00e7\u00e3o que ele ocupa na competi\u00e7\u00e3o pol\u00edtica. Em uma l\u00f3gica de bipolaridade, qualquer nome percebido como rival de Lula ir\u00e1 herdar apoio dos antilulistas e rejei\u00e7\u00e3o dos governistas.<\/p>\n<p>Quando sobe a rejei\u00e7\u00e3o daquele que representa o polo antipetista, h\u00e1 um natural desgaste dos demais nomes, ainda que esse efeito aconte\u00e7a em momentos diferentes. Ele \u00e9 obviamente mais forte quando existe maior proximidade pol\u00edtica, mas deve afetar a todos os nomes.<\/p>\n<p>N\u00e3o por acaso, a celeuma em torno da seguran\u00e7a p\u00fablica pode trazer sinais mais positivos para o antipetismo. A opera\u00e7\u00e3o policial no Rio de Janeiro quebrou o bom momento do governo. A oposi\u00e7\u00e3o ficou presa \u00e0 pauta mais bolsonarista colecionando derrotas e posi\u00e7\u00f5es pol\u00edticas minorit\u00e1rias. Al\u00e9m disso, a estrat\u00e9gia de tributa\u00e7\u00e3o do \u201candar de cima\u201d resgatava a imagem do lulismo como for\u00e7a pol\u00edtica em defesa da justi\u00e7a social.<\/p>\n<p>O tema da seguran\u00e7a inverte a correla\u00e7\u00e3o de for\u00e7as. O governo passa a defender posi\u00e7\u00f5es minorit\u00e1rias da sociedade. A rotula\u00e7\u00e3o das organiza\u00e7\u00f5es como PCC e Comando Vermelho como organiza\u00e7\u00f5es terroristas recebem amplo apoio da sociedade. A esquerda n\u00e3o tem respostas claras para oferecer ao eleitorado que demanda refor\u00e7o de puni\u00e7\u00e3o e de a\u00e7\u00e3o policial. O debate sobre seguran\u00e7a p\u00fablica pode aumentar a rejei\u00e7\u00e3o ao petismo, aproximando mais uma vez da rejei\u00e7\u00e3o ao bolsonarismo.<\/p>\n<p class=\"jota-cta\"><a href=\"https:\/\/conteudo.jota.info\/marketing-lp-newsletter-ultimas-noticias?utm_source=jota&amp;utm_medium=lp&amp;utm_campaign=23-09-2024-jota-lp-eleicoes-2024-eleicoes-2024-none-audiencias-none&amp;utm_content=eleicoes-2024&amp;utm_term=none\"><span>Assine gratuitamente a newsletter \u00daltimas Not\u00edcias do <span class=\"jota\">JOTA<\/span> e receba as principais not\u00edcias jur\u00eddicas e pol\u00edticas do dia no seu email<\/span><\/a><\/p>\n<p>Se esse cen\u00e1rio se confirmar, a tend\u00eancia \u00e9 que todos os nomes simulados pela direita dever\u00e3o ter melhoria nas pesquisas, independentemente de qualquer atributo individual.<\/p>\n<p>Essas idas e vindas do cen\u00e1rio, contudo, n\u00e3o alteram a estrutura esperada da campanha de 2026: tend\u00eancia de elei\u00e7\u00e3o em dois turnos com margem bem pequena para o vencedor.<\/p>","protected":false},"excerpt":{"rendered":"<p>A avalia\u00e7\u00e3o de que a pol\u00edtica brasileira \u00e9 polarizada tornou-se lugar comum. Essa polariza\u00e7\u00e3o, contudo, \u00e9 bastante sui generis, dado que um dos polos n\u00e3o possui direitos pol\u00edticos por conta de condena\u00e7\u00e3o pela Justi\u00e7a Eleitoral. Assim, um dos debates mais importantes da conjuntura \u00e9 a busca pelo nome capaz de representar o antipetismo na elei\u00e7\u00e3o [&hellip;]<\/p>\n","protected":false},"author":0,"featured_media":0,"comment_status":"open","ping_status":"open","sticky":false,"template":"","format":"standard","meta":[],"categories":[1],"tags":[],"_links":{"self":[{"href":"https:\/\/aprimora.site\/carvalhoalmeidaadvogados\/wp-json\/wp\/v2\/posts\/18376"}],"collection":[{"href":"https:\/\/aprimora.site\/carvalhoalmeidaadvogados\/wp-json\/wp\/v2\/posts"}],"about":[{"href":"https:\/\/aprimora.site\/carvalhoalmeidaadvogados\/wp-json\/wp\/v2\/types\/post"}],"replies":[{"embeddable":true,"href":"https:\/\/aprimora.site\/carvalhoalmeidaadvogados\/wp-json\/wp\/v2\/comments?post=18376"}],"version-history":[{"count":0,"href":"https:\/\/aprimora.site\/carvalhoalmeidaadvogados\/wp-json\/wp\/v2\/posts\/18376\/revisions"}],"wp:attachment":[{"href":"https:\/\/aprimora.site\/carvalhoalmeidaadvogados\/wp-json\/wp\/v2\/media?parent=18376"}],"wp:term":[{"taxonomy":"category","embeddable":true,"href":"https:\/\/aprimora.site\/carvalhoalmeidaadvogados\/wp-json\/wp\/v2\/categories?post=18376"},{"taxonomy":"post_tag","embeddable":true,"href":"https:\/\/aprimora.site\/carvalhoalmeidaadvogados\/wp-json\/wp\/v2\/tags?post=18376"}],"curies":[{"name":"wp","href":"https:\/\/api.w.org\/{rel}","templated":true}]}}