{"id":18368,"date":"2025-11-15T07:58:16","date_gmt":"2025-11-15T10:58:16","guid":{"rendered":"https:\/\/aprimora.site\/carvalhoalmeidaadvogados\/2025\/11\/15\/cop30-seguranca-e-eleicoes-9-fatos-que-voce-precisa-saber-para-terminar-a-semana\/"},"modified":"2025-11-15T07:58:16","modified_gmt":"2025-11-15T10:58:16","slug":"cop30-seguranca-e-eleicoes-9-fatos-que-voce-precisa-saber-para-terminar-a-semana","status":"publish","type":"post","link":"https:\/\/aprimora.site\/carvalhoalmeidaadvogados\/2025\/11\/15\/cop30-seguranca-e-eleicoes-9-fatos-que-voce-precisa-saber-para-terminar-a-semana\/","title":{"rendered":"COP30, seguran\u00e7a e elei\u00e7\u00f5es: 9 fatos que voc\u00ea precisa saber para terminar a semana"},"content":{"rendered":"<p>Come\u00e7ou na segunda-feira (10\/11) desta semana a <a href=\"https:\/\/www.jota.info\/coberturas-especiais\/dialogos-da-cop30\">Confer\u00eancia do Clima da ONU<\/a>, em Bel\u00e9m, com a expectativa de que os pa\u00edses firmem um compromisso em torno das<a href=\"https:\/\/www.jota.info\/coberturas-especiais\/dialogos-da-cop30\/agenda-da-cop30-pode-sair-ja-no-primeiro-dia-e-destravar-inicio-das-negociacoes-em-belem\"> metas para adapta\u00e7\u00e3o \u00e0s mudan\u00e7as clim\u00e1ticas<\/a>. Com o ensejo da COP30, muitas entidades t\u00eam aproveitado para divulgar dados relacionados \u00e0s mudan\u00e7as do clima e revelado dados que buscam desenhar o cen\u00e1rio atual.<\/p>\n<p>Por exemplo, um estudo global que utiliza o Climate Scanner, uma plataforma apresentada pelo Tribunal de Contas da Uni\u00e3o (TCU), divulgado na ter\u00e7a-feira (11\/11), apontou que nove em cada dez pa\u00edses desconhecem seus gastos com o clima, enquanto sete em cada dez n\u00e3o possuem estrat\u00e9gias adequadas de m\u00e9dio e longo prazo para lidar com os impactos clim\u00e1ticos. Al\u00e9m disso:<\/p>\n<p><strong>1. <a href=\"https:\/\/www.jota.info\/coberturas-especiais\/dialogos-da-cop30\/17-capitais-nao-tem-planos-para-se-recuperar-de-desastres-climaticos-aponta-estudo\">Dezessete capitais n\u00e3o t\u00eam planos para se recuperar de desastres clim\u00e1ticos, aponta estudo<\/a><\/strong><\/p>\n<p>Nessa sexta-feira (14\/11), a Confedera\u00e7\u00e3o Nacional das Seguradoras (CNSeg) lan\u00e7ou o Radar de Eventos Clim\u00e1ticos e de Seguros no Brasil, com dados de impacto no setor. S\u00f3 no primeiro semestre deste ano, foi registrada a ocorr\u00eancia de 10 eventos significativos que levou a perdas de R$ 31 bilh\u00f5es no pa\u00eds. Os dados indicam mais:<\/p>\n<p><strong>2. <a href=\"https:\/\/www.jota.info\/coberturas-especiais\/dialogos-da-cop30\/radar-de-eventos-climaticos-estima-prejuizo-de-mais-de-r-200-bi-com-desastres-desde-2022\">Radar de eventos clim\u00e1ticos estima preju\u00edzo de mais de R$ 200 bi com desastres desde 2022<\/a><\/strong><\/p>\n<p>Junto com as medidas de combate \u00e0s mudan\u00e7as do clima, o pa\u00eds enfrenta ainda o desafio de tornar a COP conhecida. Segundo a Genial\/Quaest, <a href=\"https:\/\/www.jota.info\/coberturas-especiais\/dialogos-da-cop30\/cop30-ainda-e-pouco-conhecida-mas-e-vista-com-otimismo-aponta-genial-quaest\">apenas 48% dos brasileiros ouviram falar da confer\u00eancia<\/a>, enquanto 51% afirmam desconhec\u00ea-la. Por\u00e9m, entre os que conhecem o evento, prevalece o otimismo: 41% acreditam que a COP30 trar\u00e1 resultados positivos para o Brasil.<\/p>\n<p><strong>Apesar do otimismo\u2026<\/strong><\/p>\n<p><strong>3. <a href=\"https:\/\/www.jota.info\/coberturas-especiais\/dialogos-da-cop30\/carta-da-onu-aponta-falhas-na-seguranca-e-infraestrutura-da-cop-em-belem\">Carta da ONU aponta falhas na seguran\u00e7a e infraestrutura da COP em Bel\u00e9m<\/a><\/strong><\/p>\n<h2>Vitrine para as elei\u00e7\u00f5es<\/h2>\n<p>Um dos esfor\u00e7os do presidente Lula em rela\u00e7\u00e3o \u00e0 COP30 \u00e9 impulsionado pelo interesse em usar como ponto positivo na campanha pela reelei\u00e7\u00e3o no ano que vem. Nova rodada da pesquisa Genial\/Quaest, divulgada na quinta-feira (13\/11), mostra que\u2026<\/p>\n<p><strong>4.<a href=\"https:\/\/www.jota.info\/eleicoes\/genial-quaest-lula-segue-a-frente-mas-pressao-aumenta-e-margem-para-erros-diminui\">Genial\/Quaest: Lula segue \u00e0 frente, mas press\u00e3o aumenta e margem para erros diminui<\/a><\/strong><\/p>\n<p>A inflex\u00e3o ocorre em meio \u00e0<a href=\"https:\/\/www.jota.info\/eleicoes\/tendencia-de-alta-de-lula-e-interrompida-aprovacao-recua-a-47-e-rejeicao-sobe-a-50\"> piora na avalia\u00e7\u00e3o do governo<\/a> e ao fortalecimento relativo de nomes da oposi\u00e7\u00e3o, impulsionados pela centralidade da pauta de seguran\u00e7a p\u00fablica. Esse cen\u00e1rio j\u00e1 teve um efeito colateral:<\/p>\n<p><strong>5. <a href=\"https:\/\/www.jota.info\/eleicoes\/com-foco-em-seguranca-tarcisio-avalia-disputar-o-planalto-com-derrite-como-candidato-ao-governo\">Com foco em seguran\u00e7a, Tarc\u00edsio avalia disputar o Planalto com Derrite como candidato ao governo<\/a><\/strong><\/p>\n<p><strong>Ainda sobre elei\u00e7\u00f5es\u2026<\/strong><\/p>\n<p><strong>6. <a href=\"https:\/\/www.jota.info\/opiniao-e-analise\/colunas\/coluna-do-mura\/o-silencio-ensurdecedor-de-bolsonaro\">O sil\u00eancio ensurdecedor de Bolsonaro<\/a><\/strong><\/p>\n<h2>Marco para neg\u00f3cios globais<\/h2>\n<p><strong>7. <a href=\"https:\/\/www.jota.info\/justica\/justica-inglesa-considera-bhp-responsavel-pelo-rompimento-da-barragem-de-fundao-em-mariana\">Justi\u00e7a inglesa considera BHP respons\u00e1vel pelo rompimento da barragem de Fund\u00e3o em Mariana<\/a><\/strong><\/p>\n<p><strong>Por que importa<\/strong>: A decis\u00e3o confirma a validade dos acordos celebrados no Brasil e, segundo Felipe Hotta, CEO do escrit\u00f3rio Hotta Advocacia e s\u00f3cio do escrit\u00f3rio Pogust Goodhead, que conduziu o processo na Inglaterra, gera um importante precedente de responsabiliza\u00e7\u00e3o das empresas estrangeiras que atuam em outros territ\u00f3rios tamb\u00e9m em seus pa\u00edses de origem.<\/p>\n<p>\u201cVai acabar com essa rela\u00e7\u00e3o neocolonialista que sempre existiu de extrativismo no Brasil por empresas estrangeiras, sem se importar com o bem-estar social e com o desenvolvimento econ\u00f4mico\u201d.<\/p>\n<h2>Desiguais<\/h2>\n<p>O 4\u00ba Relat\u00f3rio de Transpar\u00eancia Salarial e Crit\u00e9rios Remunerat\u00f3rios, elaborado pelo Minist\u00e9rio do Trabalho e Emprego (MTE) em parceria com o Minist\u00e9rio das Mulheres, mostrou que a remunera\u00e7\u00e3o m\u00e9dia das mulheres \u00e9 de R$ 3.908,76, enquanto a dos homens \u00e9 de R$ 4.958,43.<\/p>\n<p>Os dados apontam ainda que:<\/p>\n<p><strong>8. <a href=\"https:\/\/www.jota.info\/trabalho\/mulheres-recebem-em-media-212-a-menos-que-os-homens-aponta-transparencia-salarial\">Mulheres recebem, em m\u00e9dia, 21,2% a menos que os homens, aponta Transpar\u00eancia Salarial<\/a><\/strong><\/p>\n<h2>\u201cAtratividade do tabaco\u201d<\/h2>\n<p>Est\u00e1 em julgamento virtual no Supremo Tribunal Federal (STF) a a\u00e7\u00e3o que vai decidir se o Brasil deve ou n\u00e3o permitir o uso de aditivos de cigarros. O debate \u00e9 acompanhado de perto pela ind\u00fastria de tabaco, por autoridades de sa\u00fade e especialistas. Entenda o que est\u00e1 em jogo:<\/p>\n<p><strong>9. <a href=\"https:\/\/www.jota.info\/saude\/supremo-retoma-julgamento-sobre-aditivos-do-tabaco\">Supremo retoma julgamento sobre aditivos do tabaco<\/a><\/strong><\/p>","protected":false},"excerpt":{"rendered":"<p>Come\u00e7ou na segunda-feira (10\/11) desta semana a Confer\u00eancia do Clima da ONU, em Bel\u00e9m, com a expectativa de que os pa\u00edses firmem um compromisso em torno das metas para adapta\u00e7\u00e3o \u00e0s mudan\u00e7as clim\u00e1ticas. Com o ensejo da COP30, muitas entidades t\u00eam aproveitado para divulgar dados relacionados \u00e0s mudan\u00e7as do clima e revelado dados que buscam [&hellip;]<\/p>\n","protected":false},"author":0,"featured_media":0,"comment_status":"open","ping_status":"open","sticky":false,"template":"","format":"standard","meta":[],"categories":[1],"tags":[],"_links":{"self":[{"href":"https:\/\/aprimora.site\/carvalhoalmeidaadvogados\/wp-json\/wp\/v2\/posts\/18368"}],"collection":[{"href":"https:\/\/aprimora.site\/carvalhoalmeidaadvogados\/wp-json\/wp\/v2\/posts"}],"about":[{"href":"https:\/\/aprimora.site\/carvalhoalmeidaadvogados\/wp-json\/wp\/v2\/types\/post"}],"replies":[{"embeddable":true,"href":"https:\/\/aprimora.site\/carvalhoalmeidaadvogados\/wp-json\/wp\/v2\/comments?post=18368"}],"version-history":[{"count":0,"href":"https:\/\/aprimora.site\/carvalhoalmeidaadvogados\/wp-json\/wp\/v2\/posts\/18368\/revisions"}],"wp:attachment":[{"href":"https:\/\/aprimora.site\/carvalhoalmeidaadvogados\/wp-json\/wp\/v2\/media?parent=18368"}],"wp:term":[{"taxonomy":"category","embeddable":true,"href":"https:\/\/aprimora.site\/carvalhoalmeidaadvogados\/wp-json\/wp\/v2\/categories?post=18368"},{"taxonomy":"post_tag","embeddable":true,"href":"https:\/\/aprimora.site\/carvalhoalmeidaadvogados\/wp-json\/wp\/v2\/tags?post=18368"}],"curies":[{"name":"wp","href":"https:\/\/api.w.org\/{rel}","templated":true}]}}