{"id":18313,"date":"2025-11-13T18:58:18","date_gmt":"2025-11-13T21:58:18","guid":{"rendered":"https:\/\/aprimora.site\/carvalhoalmeidaadvogados\/2025\/11\/13\/presidente-da-anfavea-responsabiliza-juro-alto-por-queda-na-producao-de-caminhoes\/"},"modified":"2025-11-13T18:58:18","modified_gmt":"2025-11-13T21:58:18","slug":"presidente-da-anfavea-responsabiliza-juro-alto-por-queda-na-producao-de-caminhoes","status":"publish","type":"post","link":"https:\/\/aprimora.site\/carvalhoalmeidaadvogados\/2025\/11\/13\/presidente-da-anfavea-responsabiliza-juro-alto-por-queda-na-producao-de-caminhoes\/","title":{"rendered":"Presidente da Anfavea responsabiliza juro alto por queda na produ\u00e7\u00e3o de caminh\u00f5es"},"content":{"rendered":"<p>O presidente da Anfavea, Igor Calvet, refor\u00e7ou o coro de insatisfa\u00e7\u00e3o com os juros altos no Brasil e alertou que o aperto monet\u00e1rio est\u00e1 afetando principalmente a produ\u00e7\u00e3o e venda de caminh\u00f5es. A entidade do setor automotivo fez sua coletiva mensal sobre os resultados do setor em Bel\u00e9m, aproveitando o ensejo da COP30 e os pain\u00e9is sobre sustentabilidade no setor.<\/p>\n<p>Os dados mostram que em outubro houve queda de 0,5% na produ\u00e7\u00e3o de ve\u00edculos na compara\u00e7\u00e3o com igual m\u00eas do ano passado. Mesmo assim, no acumulado do ano, h\u00e1 uma alta de 5,2% ante o per\u00edodo de janeiro a outubro de 2024. As vendas tamb\u00e9m perderam f\u00f4lego, com recuo de 1,6% ante outubro do ano passado, mas com alta acumulada de 2,2% nos dez primeiros meses do ano.<\/p>\n<p class=\"jota-cta\"><a href=\"https:\/\/conteudo.jota.info\/marketing-lp-newsletter-ultimas-noticias?utm_source=jota&amp;utm_medium=lp&amp;utm_campaign=23-09-2024-jota-lp-eleicoes-2024-eleicoes-2024-none-audiencias-none&amp;utm_content=eleicoes-2024&amp;utm_term=none\">Assine gratuitamente a newsletter \u00daltimas Not\u00edcias do <span class=\"jota\">JOTA<\/span> e receba as principais not\u00edcias jur\u00eddicas e pol\u00edticas do dia no seu email<\/a><\/p>\n<p>Os n\u00fameros s\u00f3 n\u00e3o foram piores por conta das vendas aceleradas nos ve\u00edculos de entrada que fazem parte do programa \u201ccarro sustent\u00e1vel\u201d, que no m\u00eas passado teve alta de 12,7% e acumula, desde seu in\u00edcio em julho, incremento de 20,5% sobre o per\u00edodo de julho a outubro de 2024.<\/p>\n<p>No segmento de caminh\u00f5es, a produ\u00e7\u00e3o despencou 31,3% em outubro e no ano acumulam perdas de 7,3%. \u201cA queda no \u00faltimo trimestre do ano j\u00e1 equivale a um m\u00eas inteiro de produ\u00e7\u00e3o. Esse \u00e9 um alerta importante para todos n\u00f3s, porque eu acho que traz e traduz efetivamente a realidade daquilo que est\u00e1 acontecendo no mercado dos caminh\u00f5es\u201d, disse o executivo.<\/p>\n<p>Calvet n\u00e3o s\u00f3 criticou os juros altos como cobrou do governo medidas para tentar mitigar a situa\u00e7\u00e3o e evitar o risco de um colapso. Para ele, uma das iniciativas seria retirar ou ao menos reduzir a dupla cobran\u00e7a de IOF nas opera\u00e7\u00f5es do setor. Tamb\u00e9m sugere reduzir os juros praticados nas opera\u00e7\u00f5es de cr\u00e9dito do BNDES via Finame e um programa de renova\u00e7\u00e3o de frota para estimular as vendas do setor. \u201cTr\u00eas medidas potenciais que criariam fatos novos para o setor. As medidas seriam voltadas para o consumidor\u201d, destacou.<\/p>\n<p>Para ele, o cen\u00e1rio para o setor automotivo de forma geral em 2026 n\u00e3o ser\u00e1 um ano f\u00e1cil por conta do ambiente de juros altos. Mas as proje\u00e7\u00f5es para o pr\u00f3ximo ano, segundo ele, ainda n\u00e3o foram fechadas pela entidade.<\/p>","protected":false},"excerpt":{"rendered":"<p>O presidente da Anfavea, Igor Calvet, refor\u00e7ou o coro de insatisfa\u00e7\u00e3o com os juros altos no Brasil e alertou que o aperto monet\u00e1rio est\u00e1 afetando principalmente a produ\u00e7\u00e3o e venda de caminh\u00f5es. A entidade do setor automotivo fez sua coletiva mensal sobre os resultados do setor em Bel\u00e9m, aproveitando o ensejo da COP30 e os [&hellip;]<\/p>\n","protected":false},"author":0,"featured_media":0,"comment_status":"open","ping_status":"open","sticky":false,"template":"","format":"standard","meta":[],"categories":[1],"tags":[],"_links":{"self":[{"href":"https:\/\/aprimora.site\/carvalhoalmeidaadvogados\/wp-json\/wp\/v2\/posts\/18313"}],"collection":[{"href":"https:\/\/aprimora.site\/carvalhoalmeidaadvogados\/wp-json\/wp\/v2\/posts"}],"about":[{"href":"https:\/\/aprimora.site\/carvalhoalmeidaadvogados\/wp-json\/wp\/v2\/types\/post"}],"replies":[{"embeddable":true,"href":"https:\/\/aprimora.site\/carvalhoalmeidaadvogados\/wp-json\/wp\/v2\/comments?post=18313"}],"version-history":[{"count":0,"href":"https:\/\/aprimora.site\/carvalhoalmeidaadvogados\/wp-json\/wp\/v2\/posts\/18313\/revisions"}],"wp:attachment":[{"href":"https:\/\/aprimora.site\/carvalhoalmeidaadvogados\/wp-json\/wp\/v2\/media?parent=18313"}],"wp:term":[{"taxonomy":"category","embeddable":true,"href":"https:\/\/aprimora.site\/carvalhoalmeidaadvogados\/wp-json\/wp\/v2\/categories?post=18313"},{"taxonomy":"post_tag","embeddable":true,"href":"https:\/\/aprimora.site\/carvalhoalmeidaadvogados\/wp-json\/wp\/v2\/tags?post=18313"}],"curies":[{"name":"wp","href":"https:\/\/api.w.org\/{rel}","templated":true}]}}