{"id":18234,"date":"2025-11-12T07:58:45","date_gmt":"2025-11-12T10:58:45","guid":{"rendered":"https:\/\/aprimora.site\/carvalhoalmeidaadvogados\/2025\/11\/12\/stf-ao-vivo-julgamento-de-militares-por-tentativa-de-golpe-e-retomado-nesta-quarta-feira-12-11\/"},"modified":"2025-11-12T07:58:45","modified_gmt":"2025-11-12T10:58:45","slug":"stf-ao-vivo-julgamento-de-militares-por-tentativa-de-golpe-e-retomado-nesta-quarta-feira-12-11","status":"publish","type":"post","link":"https:\/\/aprimora.site\/carvalhoalmeidaadvogados\/2025\/11\/12\/stf-ao-vivo-julgamento-de-militares-por-tentativa-de-golpe-e-retomado-nesta-quarta-feira-12-11\/","title":{"rendered":"STF AO VIVO \u2013 Julgamento de militares por tentativa de golpe \u00e9 retomado nesta quarta-feira (12\/11)"},"content":{"rendered":"<p>A 1\u00aa Turma do Supremo Tribunal Federal (<a href=\"https:\/\/www.jota.info\/tudo-sobre\/stf\">STF<\/a>) retoma nesta quarta-feira (12\/11) o <a href=\"https:\/\/www.jota.info\/stf\/do-supremo\/advogados-tentam-desqualificar-provas-em-julgamento-de-militares-por-tentativa-de-golpe\">julgamento do n\u00facleo militar da trama golpista<\/a>, formado por dez r\u00e9us acusados de participa\u00e7\u00e3o na tentativa de golpe em 2022. O grupo inclui nove militares da ativa e da reserva e um policial federal, que atuava na seguran\u00e7a do presidente Luiz In\u00e1cio Lula da Silva.<\/p>\n<p>O primeiro dia de sess\u00e3o, realizado nesta ter\u00e7a-feira (11\/11), foi marcado pela sustenta\u00e7\u00e3o do procurador-geral da Rep\u00fablica, <a href=\"https:\/\/www.jota.info\/tudo-sobre\/paulo-gonet\">Paulo Gonet<\/a>, que pediu a condena\u00e7\u00e3o dos dez r\u00e9us, com pena menor para\u00a0o tenente-coronel Ronald Ferreira de Araujo J\u00fanior, em que o PGR pede a condena\u00e7\u00e3o apenas pelo crime de incita\u00e7\u00e3o ao crime. Em sua manifesta\u00e7\u00e3o, <a href=\"https:\/\/www.jota.info\/stf\/do-supremo\/pgr-se-manifesta-pela-condenacao-de-pf-e-kids-pretos-na-tentativa-de-golpe-em-2022\">Gonet destacou a viol\u00eancia das a\u00e7\u00f5es do grupo<\/a> e afirmou que as autoridades p\u00fablicas estavam \u2018na mira de medidas letais\u2019. O procurador tamb\u00e9m ressaltou que os acusados viam suas a\u00e7\u00f5es como uma \u2018guerra contra a estrutura democr\u00e1tica\u2019.<\/p>\n<h2><a href=\"https:\/\/www.jota.info\/produtos\/poder?utm_source=cta-site&amp;utm_medium=site&amp;utm_campaign=campanha_poder_q2&amp;utm_id=cta_texto_poder_q2_2023&amp;utm_term=cta_texto_poder&amp;utm_term=cta_texto_poder_meio_materias\"><span>Conhe\u00e7a o <span class=\"jota\">JOTA<\/span> PRO Poder, plataforma de monitoramento que oferece transpar\u00eancia e previsibilidade para empresas<\/span><\/a><\/h2>\n<p>Em seguida, seis advogados apresentaram as defesas dos r\u00e9us. A estrat\u00e9gia central foi <a href=\"https:\/\/www.jota.info\/stf\/do-supremo\/advogados-tentam-desqualificar-provas-em-julgamento-de-militares-por-tentativa-de-golpe\">tentar desqualificar as provas reunidas pela PGR<\/a> e questionar a consist\u00eancia das dela\u00e7\u00f5es. Os defensores alegaram fragilidade das evid\u00eancias e afirmaram que os depoimentos utilizados pela acusa\u00e7\u00e3o s\u00e3o inconsistentes e baseados em hip\u00f3teses n\u00e3o comprovadas.<\/p>\n<p>A sess\u00e3o ser\u00e1 retomada com as sustenta\u00e7\u00f5es orais restantes. Ainda devem se manifestar os advogados de Rodrigo Bezerra de Azevedo, Ronald Ferreira de Ara\u00fajo J\u00fanior, S\u00e9rgio Ricardo Cavaliere de Medeiros e Wladimir Matos Soares. O voto do relator, ministro Alexandre de Moraes, est\u00e1 previsto para a pr\u00f3xima semana, quando o julgamento deve ser conclu\u00eddo.<\/p>\n<p>At\u00e9 o momento, o STF j\u00e1 condenou 15 pessoas por tentativa de golpe, entre elas o ex-presidente Jair Bolsonaro e militares da alta c\u00fapula, como os generais Augusto Heleno e Braga Netto.<\/p>\n<h3>Assista \u00e0 sess\u00e3o ao vivo<\/h3>\n<div class=\"jota-article__embed\"><\/div>","protected":false},"excerpt":{"rendered":"<p>A 1\u00aa Turma do Supremo Tribunal Federal (STF) retoma nesta quarta-feira (12\/11) o julgamento do n\u00facleo militar da trama golpista, formado por dez r\u00e9us acusados de participa\u00e7\u00e3o na tentativa de golpe em 2022. O grupo inclui nove militares da ativa e da reserva e um policial federal, que atuava na seguran\u00e7a do presidente Luiz In\u00e1cio [&hellip;]<\/p>\n","protected":false},"author":0,"featured_media":0,"comment_status":"open","ping_status":"open","sticky":false,"template":"","format":"standard","meta":[],"categories":[1],"tags":[],"_links":{"self":[{"href":"https:\/\/aprimora.site\/carvalhoalmeidaadvogados\/wp-json\/wp\/v2\/posts\/18234"}],"collection":[{"href":"https:\/\/aprimora.site\/carvalhoalmeidaadvogados\/wp-json\/wp\/v2\/posts"}],"about":[{"href":"https:\/\/aprimora.site\/carvalhoalmeidaadvogados\/wp-json\/wp\/v2\/types\/post"}],"replies":[{"embeddable":true,"href":"https:\/\/aprimora.site\/carvalhoalmeidaadvogados\/wp-json\/wp\/v2\/comments?post=18234"}],"version-history":[{"count":0,"href":"https:\/\/aprimora.site\/carvalhoalmeidaadvogados\/wp-json\/wp\/v2\/posts\/18234\/revisions"}],"wp:attachment":[{"href":"https:\/\/aprimora.site\/carvalhoalmeidaadvogados\/wp-json\/wp\/v2\/media?parent=18234"}],"wp:term":[{"taxonomy":"category","embeddable":true,"href":"https:\/\/aprimora.site\/carvalhoalmeidaadvogados\/wp-json\/wp\/v2\/categories?post=18234"},{"taxonomy":"post_tag","embeddable":true,"href":"https:\/\/aprimora.site\/carvalhoalmeidaadvogados\/wp-json\/wp\/v2\/tags?post=18234"}],"curies":[{"name":"wp","href":"https:\/\/api.w.org\/{rel}","templated":true}]}}