{"id":18038,"date":"2025-11-05T12:58:21","date_gmt":"2025-11-05T15:58:21","guid":{"rendered":"https:\/\/aprimora.site\/carvalhoalmeidaadvogados\/2025\/11\/05\/stf-ao-vivo-aplicacao-retroativa-do-estatuto-da-pessoa-idosa-sessao-de-5-11-2025\/"},"modified":"2025-11-05T12:58:21","modified_gmt":"2025-11-05T15:58:21","slug":"stf-ao-vivo-aplicacao-retroativa-do-estatuto-da-pessoa-idosa-sessao-de-5-11-2025","status":"publish","type":"post","link":"https:\/\/aprimora.site\/carvalhoalmeidaadvogados\/2025\/11\/05\/stf-ao-vivo-aplicacao-retroativa-do-estatuto-da-pessoa-idosa-sessao-de-5-11-2025\/","title":{"rendered":"STF AO VIVO \u2013 Aplica\u00e7\u00e3o retroativa do Estatuto da Pessoa Idosa \u2013 sess\u00e3o de 5\/11\/2025"},"content":{"rendered":"<p>Os ministros do Supremo Tribunal Federal (<a href=\"https:\/\/www.jota.info\/stf\">STF<\/a>) devem retomar, nesta quarta-feira (5\/11), o julgamento da <a href=\"https:\/\/portal.stf.jus.br\/processos\/detalhe.asp?incidente=7000789\" target=\"_blank\" rel=\"noopener\"><strong>ADC 90<\/strong><\/a>, ajuizada pela Confedera\u00e7\u00e3o Nacional das Empresas de Seguros Gerais, Previd\u00eancia Privada e Vida, Sa\u00fade Suplementar e Capitaliza\u00e7\u00e3o (<a href=\"https:\/\/www.jota.info\/tudo-sobre\/cnseg\">CNSeg<\/a>), que tramita sob a relatoria do ministro <a href=\"https:\/\/www.jota.info\/tudo-sobre\/dias-toffoli\">Dias Toffoli<\/a>. Assim como devem dar prosseguimento ao <a href=\"https:\/\/portal.stf.jus.br\/processos\/detalhe.asp?incidente=3959903\" target=\"_blank\" rel=\"noopener\"><strong>RE 630852<\/strong><\/a>, <a href=\"https:\/\/portal.stf.jus.br\/jurisprudenciaRepercussao\/verAndamentoProcesso.asp?incidente=3959903&amp;numeroProcesso=630852&amp;classeProcesso=RE&amp;numeroTema=381\">Tema 381<\/a>, interposto pela Cooperativa de Servi\u00e7os de Sa\u00fade dos Vales do Taquari e Rio Pardo Ltda (<a href=\"https:\/\/www.jota.info\/tudo-sobre\/unimed\">Unimed<\/a>), que tem como relator a ministra <a href=\"https:\/\/www.jota.info\/tudo-sobre\/rosa-weber\">Rosa Weber<\/a>, j\u00e1 aposentada.<\/p>\n<p>Ambos os processos discutem a aplica\u00e7\u00e3o retroativa do <a href=\"https:\/\/www.planalto.gov.br\/ccivil_03\/leis\/2003\/l10.741.htm\">Estatuto da Pessoa Idosa (Lei 10.741\/2003)<\/a> para alcan\u00e7ar planos de sa\u00fade antigos, contratados antes da lei entrar em vigor. Por maioria, o Plen\u00e1rio j\u00e1 havia decidido que o estatuto pode alcan\u00e7ar os contratos firmados antes de sua promulga\u00e7\u00e3o, contudo, o resultado do julgamento do RE, com a tese de repercuss\u00e3o geral, s\u00f3 ser\u00e1 proclamado ap\u00f3s o julgamento da ADC, para uma conclus\u00e3o conjunta.<\/p>\n<h3><a href=\"https:\/\/www.jota.info\/produtos\/poder?utm_source=cta-site&amp;utm_medium=site&amp;utm_campaign=campanha_poder_q2&amp;utm_id=cta_texto_poder_q2_2023&amp;utm_term=cta_texto_poder&amp;utm_term=cta_texto_poder_meio_materias\"><span>Conhe\u00e7a o <span class=\"jota\">JOTA<\/span> PRO Poder, plataforma de monitoramento que oferece transpar\u00eancia e previsibilidade para empresas<\/span><\/a><\/h3>\n<p>Tamb\u00e9m est\u00e1 na pauta o julgamento do <a href=\"https:\/\/portal.stf.jus.br\/processos\/detalhe.asp?incidente=4319809\"><strong>MS 31671<\/strong><\/a>, ajuizado pelo Tribunal de Justi\u00e7a do Rio Grande do Norte (TJRN), sob a relatoria do ministro j\u00e1 aposentado <a href=\"https:\/\/www.jota.info\/tudo-sobre\/ricardo-lewandowski\">Ricardo Lewandowski<\/a>. A demanda contesta ato da governadora do Rio Grande do Norte e do secret\u00e1rio estadual de Planejamento e Finan\u00e7as relativo ao repasse deficit\u00e1rio dos duod\u00e9cimos correspondentes \u00e0s dota\u00e7\u00f5es or\u00e7ament\u00e1rias do Poder Judici\u00e1rio do estado, nos exerc\u00edcios de 2012 e 2013.<\/p>\n<p>Em seguida, os ministros poder\u00e3o dar continuidade ao julgamento da <a href=\"https:\/\/portal.stf.jus.br\/processos\/detalhe.asp?incidente=7355529\"><strong>ADI 7867<\/strong><\/a>, ajuizada pelo Governador da Para\u00edba, para questionar a <a href=\"https:\/\/sapl3.al.pb.leg.br\/norma\/17877\">Lei Estadual 13.823\/2025<\/a> (Lei de Diretrizes Or\u00e7ament\u00e1rias para o exerc\u00edcio de 2026) que destina verbas or\u00e7ament\u00e1rias por meio de emendas parlamentares impositivas com dota\u00e7\u00e3o em percentual superior aos limites definidos pelo STF. Em setembro de 2025, o ministro relator <a href=\"https:\/\/www.jota.info\/tudo-sobre\/edson-fachin\">Edson Fachin<\/a>\u00a0deferiu medida cautelar para suspender parte da lei or\u00e7ament\u00e1ria, e o Plen\u00e1rio decidir\u00e1 se referenda a medida.<\/p>\n<p>A Corte tamb\u00e9m pode julgar a <a href=\"https:\/\/portal.stf.jus.br\/processos\/detalhe.asp?incidente=5786819\">ADO 55<\/a>, ajuizada pelo Partido Socialismo e Liberdade (PSol), que discute a omiss\u00e3o do Congresso Nacional para editar lei complementar que institua o imposto para grandes fortunas (<a href=\"https:\/\/www.jota.info\/tudo-sobre\/igf\">IGF<\/a>). O caso era de relatoria do ministro <a href=\"https:\/\/www.jota.info\/stf\/do-supremo\/marco-aurelio-votos-vencidos\">Marco Aur\u00e9lio Mello<\/a>, que proferiu seu voto a favor da declara\u00e7\u00e3o de omiss\u00e3o antes de se aposentar, em julho de 2021.<\/p>\n<h3><a href=\"https:\/\/t.me\/jotanotelegram\">Inscreva-se no canal do <span class=\"jota\">JOTA<\/span> no Telegram e acompanhe as principais not\u00edcias, artigos e an\u00e1lises!<\/a><\/h3>\n<p>Por fim, o Plen\u00e1rio da Suprema Corte pode prosseguir com o julgamento da <strong><a href=\"https:\/\/portal.stf.jus.br\/processos\/detalhe.asp?incidente=7103152\">ADI 7755<\/a><\/strong>, ajuizado pelo Partido Verde (PV) e da <strong><a href=\"https:\/\/portal.stf.jus.br\/processos\/detalhe.asp?incidente=5011612\">ADI 5553<\/a><\/strong>, ajuizada pelo Partido Socialismo e Liberdade (PSol). Em ambas a\u00e7\u00f5es, de relatoria do ministro Edson Fachin, as legendas questionam as cl\u00e1usulas do Conv\u00eanio 100\/1997 do Conselho Nacional de Pol\u00edtica Fazend\u00e1ria (Confaz) e dispositivos do <a href=\"https:\/\/www.planalto.gov.br\/ccivil_03\/_ato2011-2014\/2011\/decreto\/d7660.htm\">Decreto 7.660\/2011<\/a>, que aprovou a tabela de incid\u00eancia do Imposto Sobre Produtos Industrializados (<a href=\"https:\/\/www.jota.info\/tudo-sobre\/ipi\">IPI<\/a>). Alegam que o conv\u00eanio reduz em 60% a base de c\u00e1lculo do <a href=\"https:\/\/www.jota.info\/tudo-sobre\/icms\">ICMS<\/a> dos agrot\u00f3xicos e autoriza os estados a concederem isen\u00e7\u00e3o total do imposto.<\/p>\n<p>A ADI 7755, em especial, tamb\u00e9m impugna um dispositivo da <a href=\"https:\/\/www.planalto.gov.br\/ccivil_03\/constituicao\/emendas\/emc\/emc132.htm\">Emenda Constitucional 132\/2023<\/a> que prev\u00ea a possibilidade de regime tribut\u00e1rio diferenciado para insumos agropecu\u00e1rios.<\/p>\n<h3>Assista \u00e0 sess\u00e3o de julgamento do STF ao vivo<\/h3>\n<div class=\"jota-article__embed\"><\/div>","protected":false},"excerpt":{"rendered":"<p>Os ministros do Supremo Tribunal Federal (STF) devem retomar, nesta quarta-feira (5\/11), o julgamento da ADC 90, ajuizada pela Confedera\u00e7\u00e3o Nacional das Empresas de Seguros Gerais, Previd\u00eancia Privada e Vida, Sa\u00fade Suplementar e Capitaliza\u00e7\u00e3o (CNSeg), que tramita sob a relatoria do ministro Dias Toffoli. Assim como devem dar prosseguimento ao RE 630852, Tema 381, interposto [&hellip;]<\/p>\n","protected":false},"author":0,"featured_media":0,"comment_status":"open","ping_status":"open","sticky":false,"template":"","format":"standard","meta":[],"categories":[1],"tags":[],"_links":{"self":[{"href":"https:\/\/aprimora.site\/carvalhoalmeidaadvogados\/wp-json\/wp\/v2\/posts\/18038"}],"collection":[{"href":"https:\/\/aprimora.site\/carvalhoalmeidaadvogados\/wp-json\/wp\/v2\/posts"}],"about":[{"href":"https:\/\/aprimora.site\/carvalhoalmeidaadvogados\/wp-json\/wp\/v2\/types\/post"}],"replies":[{"embeddable":true,"href":"https:\/\/aprimora.site\/carvalhoalmeidaadvogados\/wp-json\/wp\/v2\/comments?post=18038"}],"version-history":[{"count":0,"href":"https:\/\/aprimora.site\/carvalhoalmeidaadvogados\/wp-json\/wp\/v2\/posts\/18038\/revisions"}],"wp:attachment":[{"href":"https:\/\/aprimora.site\/carvalhoalmeidaadvogados\/wp-json\/wp\/v2\/media?parent=18038"}],"wp:term":[{"taxonomy":"category","embeddable":true,"href":"https:\/\/aprimora.site\/carvalhoalmeidaadvogados\/wp-json\/wp\/v2\/categories?post=18038"},{"taxonomy":"post_tag","embeddable":true,"href":"https:\/\/aprimora.site\/carvalhoalmeidaadvogados\/wp-json\/wp\/v2\/tags?post=18038"}],"curies":[{"name":"wp","href":"https:\/\/api.w.org\/{rel}","templated":true}]}}