{"id":18030,"date":"2025-11-05T09:58:45","date_gmt":"2025-11-05T12:58:45","guid":{"rendered":"https:\/\/aprimora.site\/carvalhoalmeidaadvogados\/2025\/11\/05\/palestra-sobre-reforma-do-direito-das-obrigacoes-no-codigo-civil-acontece-na-proxima-quarta-12\/"},"modified":"2025-11-05T09:58:45","modified_gmt":"2025-11-05T12:58:45","slug":"palestra-sobre-reforma-do-direito-das-obrigacoes-no-codigo-civil-acontece-na-proxima-quarta-12","status":"publish","type":"post","link":"https:\/\/aprimora.site\/carvalhoalmeidaadvogados\/2025\/11\/05\/palestra-sobre-reforma-do-direito-das-obrigacoes-no-codigo-civil-acontece-na-proxima-quarta-12\/","title":{"rendered":"Palestra sobre reforma do direito das obriga\u00e7\u00f5es no C\u00f3digo Civil acontece na pr\u00f3xima quarta (12)"},"content":{"rendered":"<p>Palestra sobre reforma do direito das obriga\u00e7\u00f5es no C\u00f3digo Civil acontece na pr\u00f3xima quarta (12)<\/p>","protected":false},"excerpt":{"rendered":"<p>Palestra sobre reforma do direito das obriga\u00e7\u00f5es no C\u00f3digo Civil acontece na pr\u00f3xima quarta (12)<\/p>\n","protected":false},"author":0,"featured_media":0,"comment_status":"open","ping_status":"open","sticky":false,"template":"","format":"standard","meta":[],"categories":[1],"tags":[],"_links":{"self":[{"href":"https:\/\/aprimora.site\/carvalhoalmeidaadvogados\/wp-json\/wp\/v2\/posts\/18030"}],"collection":[{"href":"https:\/\/aprimora.site\/carvalhoalmeidaadvogados\/wp-json\/wp\/v2\/posts"}],"about":[{"href":"https:\/\/aprimora.site\/carvalhoalmeidaadvogados\/wp-json\/wp\/v2\/types\/post"}],"replies":[{"embeddable":true,"href":"https:\/\/aprimora.site\/carvalhoalmeidaadvogados\/wp-json\/wp\/v2\/comments?post=18030"}],"version-history":[{"count":0,"href":"https:\/\/aprimora.site\/carvalhoalmeidaadvogados\/wp-json\/wp\/v2\/posts\/18030\/revisions"}],"wp:attachment":[{"href":"https:\/\/aprimora.site\/carvalhoalmeidaadvogados\/wp-json\/wp\/v2\/media?parent=18030"}],"wp:term":[{"taxonomy":"category","embeddable":true,"href":"https:\/\/aprimora.site\/carvalhoalmeidaadvogados\/wp-json\/wp\/v2\/categories?post=18030"},{"taxonomy":"post_tag","embeddable":true,"href":"https:\/\/aprimora.site\/carvalhoalmeidaadvogados\/wp-json\/wp\/v2\/tags?post=18030"}],"curies":[{"name":"wp","href":"https:\/\/api.w.org\/{rel}","templated":true}]}}