{"id":17750,"date":"2025-10-26T07:59:12","date_gmt":"2025-10-26T10:59:12","guid":{"rendered":"https:\/\/aprimora.site\/carvalhoalmeidaadvogados\/2025\/10\/26\/o-reu-diante-do-juri-precedentes-do-stj-sobre-algemas-roupas-e-a-postura-do-acusado-em-plenario\/"},"modified":"2025-10-26T07:59:12","modified_gmt":"2025-10-26T10:59:12","slug":"o-reu-diante-do-juri-precedentes-do-stj-sobre-algemas-roupas-e-a-postura-do-acusado-em-plenario","status":"publish","type":"post","link":"https:\/\/aprimora.site\/carvalhoalmeidaadvogados\/2025\/10\/26\/o-reu-diante-do-juri-precedentes-do-stj-sobre-algemas-roupas-e-a-postura-do-acusado-em-plenario\/","title":{"rendered":"O r\u00e9u diante do j\u00fari: precedentes do STJ sobre algemas, roupas e a postura do acusado em plen\u00e1rio"},"content":{"rendered":"<p>O uso de algemas durante o julgamento \u00e9 um dos fatores que, segundo o entendimento consolidado do STJ, podem influenciar negativamente a percep\u00e7\u00e3o dos jurados sobre o acusado.<\/p>","protected":false},"excerpt":{"rendered":"<p>O uso de algemas durante o julgamento \u00e9 um dos fatores que, segundo o entendimento consolidado do STJ, podem influenciar negativamente a percep\u00e7\u00e3o dos jurados sobre o acusado.<\/p>\n","protected":false},"author":0,"featured_media":0,"comment_status":"open","ping_status":"open","sticky":false,"template":"","format":"standard","meta":[],"categories":[1],"tags":[],"_links":{"self":[{"href":"https:\/\/aprimora.site\/carvalhoalmeidaadvogados\/wp-json\/wp\/v2\/posts\/17750"}],"collection":[{"href":"https:\/\/aprimora.site\/carvalhoalmeidaadvogados\/wp-json\/wp\/v2\/posts"}],"about":[{"href":"https:\/\/aprimora.site\/carvalhoalmeidaadvogados\/wp-json\/wp\/v2\/types\/post"}],"replies":[{"embeddable":true,"href":"https:\/\/aprimora.site\/carvalhoalmeidaadvogados\/wp-json\/wp\/v2\/comments?post=17750"}],"version-history":[{"count":0,"href":"https:\/\/aprimora.site\/carvalhoalmeidaadvogados\/wp-json\/wp\/v2\/posts\/17750\/revisions"}],"wp:attachment":[{"href":"https:\/\/aprimora.site\/carvalhoalmeidaadvogados\/wp-json\/wp\/v2\/media?parent=17750"}],"wp:term":[{"taxonomy":"category","embeddable":true,"href":"https:\/\/aprimora.site\/carvalhoalmeidaadvogados\/wp-json\/wp\/v2\/categories?post=17750"},{"taxonomy":"post_tag","embeddable":true,"href":"https:\/\/aprimora.site\/carvalhoalmeidaadvogados\/wp-json\/wp\/v2\/tags?post=17750"}],"curies":[{"name":"wp","href":"https:\/\/api.w.org\/{rel}","templated":true}]}}