{"id":17633,"date":"2025-10-21T21:38:21","date_gmt":"2025-10-22T00:38:21","guid":{"rendered":"https:\/\/aprimora.site\/carvalhoalmeidaadvogados\/2025\/10\/21\/11a-camara-anula-sentenca-e-determina-reabertura-de-instrucao-para-apuracao-de-horas-in-itinere-em-trabalho-rural\/"},"modified":"2025-10-21T21:38:21","modified_gmt":"2025-10-22T00:38:21","slug":"11a-camara-anula-sentenca-e-determina-reabertura-de-instrucao-para-apuracao-de-horas-in-itinere-em-trabalho-rural","status":"publish","type":"post","link":"https:\/\/aprimora.site\/carvalhoalmeidaadvogados\/2025\/10\/21\/11a-camara-anula-sentenca-e-determina-reabertura-de-instrucao-para-apuracao-de-horas-in-itinere-em-trabalho-rural\/","title":{"rendered":"11\u00aa C\u00e2mara anula senten\u00e7a e determina reabertura de instru\u00e7\u00e3o para apura\u00e7\u00e3o de horas in itinere em trabalho rural"},"content":{"rendered":"<p><span>11\u00aa C\u00e2mara anula senten\u00e7a e determina reabertura de instru\u00e7\u00e3o para apura\u00e7\u00e3o de horas in itinere em trabalho rural<\/span><\/p>\n<div>  <a href=\"https:\/\/trt15.jus.br\/noticia\/2025\/11a-camara-anula-sentenca-e-determina-reabertura-de-instrucao-para-apuracao-de-horas\"><\/a>\n<\/div>\n<p><span><span>anasiqueira<\/span><\/span><\/p>\n<p><span>Ter, 21\/10\/2025 &#8211; 18:38<\/span><\/p>\n<div>\n<div>11\u00aa C\u00e2mara anula senten\u00e7a e determina reabertura de instru\u00e7\u00e3o para apura\u00e7\u00e3o de horas in itinere em trabalho rural<\/div>\n<\/div>\n<div>\n<div class=\"visually-hidden\">Conte\u00fado da Not\u00edcia<\/div>\n<div>\n<p>A 11\u00aa C\u00e2mara do Tribunal Regional do Trabalho da 15\u00aa Regi\u00e3o reconheceu o cerceamento de defesa em caso envolvendo o tempo de deslocamento e de espera de trabalhador rural, determinando o retorno dos autos \u00e0 vara de origem para reabertura da instru\u00e7\u00e3o processual e produ\u00e7\u00e3o da prova oral indeferida.<\/p>\n<p>O recurso foi interposto pelo empregado, que alegou permanecer cerca de 40 minutos di\u00e1rios aguardando o transporte fornecido pela empresa, al\u00e9m do tempo gasto no deslocamento at\u00e9 o local de trabalho. O ju\u00edzo de primeiro grau indeferiu a oitiva de testemunhas, sob o entendimento de que a mat\u00e9ria n\u00e3o encontrava mais amparo jur\u00eddico ap\u00f3s a entrada em vigor da Lei n\u00ba 13.467\/2017 (Reforma Trabalhista).<\/p>\n<p>Para o relator do ac\u00f3rd\u00e3o, desembargador Orlando Am\u00e2ncio Taveira, o direito \u00e0 prova decorre dos princ\u00edpios constitucionais do contradit\u00f3rio e da ampla defesa, e o indeferimento da produ\u00e7\u00e3o de prova oral sobre fatos controvertidos impede o esclarecimento da realidade dos fatos. O magistrado destacou que \u201cmesmo diante das altera\u00e7\u00f5es promovidas pela Reforma Trabalhista, \u00e9 indispens\u00e1vel apurar a realidade f\u00e1tica, sobretudo no trabalho rural, em que o deslocamento costuma ocorrer em locais de dif\u00edcil acesso.\u201d<\/p>\n<p>Com a decis\u00e3o, os autos retornar\u00e3o \u00e0 Vara de origem para a realiza\u00e7\u00e3o da prova oral sobre as horas <em>in itinere <\/em>e o tempo \u00e0 disposi\u00e7\u00e3o, com posterior prola\u00e7\u00e3o de nova senten\u00e7a. Processo: 0010254-14.2024.5.15.0110<\/p>\n<p><em>Foto ilustrativa: banco de imagens Envato.<\/em><\/p>\n<p><em>Esta mat\u00e9ria \u00e9 meramente informativa.<\/em><br \/><em>Permitida a reprodu\u00e7\u00e3o mediante cita\u00e7\u00e3o da fonte.<br \/>\nCoordenadoria de Comunica\u00e7\u00e3o Social.<br \/>\nTRT-15<br \/>\nTel.(19) 3236 1789<br \/>\nimprensa@trt15.jus.br<\/em><\/p>\n<p>\u00a0<\/p>\n<\/div><\/div>\n<div>\n<div>Unidade Respons\u00e1vel:<\/div>\n<div>Comunica\u00e7\u00e3o Social<\/div>\n<\/div>\n<div>Ter, 21\/10\/2025 &#8211; 18:38<\/div>\n<p>      <span class=\"a2a_kit a2a_kit_size_16 addtoany_list\"><a class=\"a2a_dd addtoany_share\" href=\"https:\/\/www.addtoany.com\/share#url=https%3A%2F%2Ftrt15.jus.br%2Fnoticia%2F2025%2F11a-camara-anula-sentenca-e-determina-reabertura-de-instrucao-para-apuracao-de-horas&amp;title=11%C2%AA%20C%C3%A2mara%20anula%20senten%C3%A7a%20e%20determina%20reabertura%20de%20instru%C3%A7%C3%A3o%20para%20apura%C3%A7%C3%A3o%20de%20horas%20in%20itinere%20em%20trabalho%20rural\"><\/a><a class=\"a2a_button_whatsapp\"><\/a><a class=\"a2a_button_google_gmail\"><\/a><a class=\"a2a_button_twitter\"><\/a><a class=\"a2a_button_facebook\"><\/a><a class=\"a2a_button_linkedin\"><\/a><\/span><\/p>","protected":false},"excerpt":{"rendered":"<p>11\u00aa C\u00e2mara anula senten\u00e7a e determina reabertura de instru\u00e7\u00e3o para apura\u00e7\u00e3o de horas in itinere em trabalho rural anasiqueira Ter, 21\/10\/2025 &#8211; 18:38 11\u00aa C\u00e2mara anula senten\u00e7a e determina reabertura de instru\u00e7\u00e3o para apura\u00e7\u00e3o de horas in itinere em trabalho rural Conte\u00fado da Not\u00edcia A 11\u00aa C\u00e2mara do Tribunal Regional do Trabalho da 15\u00aa Regi\u00e3o [&hellip;]<\/p>\n","protected":false},"author":0,"featured_media":17634,"comment_status":"open","ping_status":"open","sticky":false,"template":"","format":"standard","meta":[],"categories":[1],"tags":[],"_links":{"self":[{"href":"https:\/\/aprimora.site\/carvalhoalmeidaadvogados\/wp-json\/wp\/v2\/posts\/17633"}],"collection":[{"href":"https:\/\/aprimora.site\/carvalhoalmeidaadvogados\/wp-json\/wp\/v2\/posts"}],"about":[{"href":"https:\/\/aprimora.site\/carvalhoalmeidaadvogados\/wp-json\/wp\/v2\/types\/post"}],"replies":[{"embeddable":true,"href":"https:\/\/aprimora.site\/carvalhoalmeidaadvogados\/wp-json\/wp\/v2\/comments?post=17633"}],"version-history":[{"count":0,"href":"https:\/\/aprimora.site\/carvalhoalmeidaadvogados\/wp-json\/wp\/v2\/posts\/17633\/revisions"}],"wp:featuredmedia":[{"embeddable":true,"href":"https:\/\/aprimora.site\/carvalhoalmeidaadvogados\/wp-json\/wp\/v2\/media\/17634"}],"wp:attachment":[{"href":"https:\/\/aprimora.site\/carvalhoalmeidaadvogados\/wp-json\/wp\/v2\/media?parent=17633"}],"wp:term":[{"taxonomy":"category","embeddable":true,"href":"https:\/\/aprimora.site\/carvalhoalmeidaadvogados\/wp-json\/wp\/v2\/categories?post=17633"},{"taxonomy":"post_tag","embeddable":true,"href":"https:\/\/aprimora.site\/carvalhoalmeidaadvogados\/wp-json\/wp\/v2\/tags?post=17633"}],"curies":[{"name":"wp","href":"https:\/\/api.w.org\/{rel}","templated":true}]}}