{"id":17602,"date":"2025-10-21T12:06:21","date_gmt":"2025-10-21T15:06:21","guid":{"rendered":"https:\/\/aprimora.site\/carvalhoalmeidaadvogados\/2025\/10\/21\/fabio-graner-esta-entre-os-jornalistas-mais-admirados-da-imprensa-de-economia\/"},"modified":"2025-10-21T12:06:21","modified_gmt":"2025-10-21T15:06:21","slug":"fabio-graner-esta-entre-os-jornalistas-mais-admirados-da-imprensa-de-economia","status":"publish","type":"post","link":"https:\/\/aprimora.site\/carvalhoalmeidaadvogados\/2025\/10\/21\/fabio-graner-esta-entre-os-jornalistas-mais-admirados-da-imprensa-de-economia\/","title":{"rendered":"Fabio Graner est\u00e1 entre os jornalistas mais admirados da imprensa de Economia"},"content":{"rendered":"<p><a href=\"https:\/\/www.jota.info\/autor\/fabio-granerjota-info\">Fabio Graner<\/a>, analista-chefe do <strong><span class=\"jota\">JOTA<\/span><\/strong>, est\u00e1 na lista de jornalistas mais admirados na imprensa brasileira de Economia, Neg\u00f3cios e Finan\u00e7as, organizada pelo Jornalistas&amp;Cia. O pr\u00eamio 50+Admirados considera os nomes mais votados entre os profissionais de comunica\u00e7\u00e3o de todo o pa\u00eds.<\/p>\n<p>A sele\u00e7\u00e3o dos indicados ao pr\u00eamio \u00e9 feita pela escolha de 50 favoritos entre 300 profissionais que trabalham na cobertura jornal\u00edstica de economia. Neste ano, a lista foi ampliada provisoriamente para reconhecer o trabalho de 55 jornalistas. E, pela terceira vez, Graner se destaca entre os mais admirados.<\/p>\n<p>No <strong><span class=\"jota\">JOTA<\/span><\/strong>, \u00e9 respons\u00e1vel por tra\u00e7ar an\u00e1lises dos principais movimentos dos Tr\u00eas Poderes, que afetam os neg\u00f3cios no Brasil.\u00a0Graner iniciou a carreira no servi\u00e7o noticioso em tempo real da Gazeta Mercantil em 2000. Com experi\u00eancia tanto no setor privado quanto no p\u00fablico, tem passagens por jornal DCI, lideran\u00e7a do governo no Senado, jornal O Estado de S. Paulo, Minist\u00e9rio da Fazenda e Valor Econ\u00f4mico.<\/p>\n<h3><a href=\"https:\/\/conteudo.jota.info\/marketing-lp-newsletter-ultimas-noticias\">Assine gratuitamente a newsletter \u00daltimas Not\u00edcias do <span class=\"jota\">JOTA<\/span> e receba as principais not\u00edcias jur\u00eddicas e pol\u00edticas do dia no seu email<\/a><\/h3>\n<p>A cerim\u00f4nia de premia\u00e7\u00e3o dos 50+Admirados acontecer\u00e1 no Bisutti Cardoso de Melo e est\u00e1 marcada para 24 de novembro.<\/p>","protected":false},"excerpt":{"rendered":"<p>Fabio Graner, analista-chefe do JOTA, est\u00e1 na lista de jornalistas mais admirados na imprensa brasileira de Economia, Neg\u00f3cios e Finan\u00e7as, organizada pelo Jornalistas&amp;Cia. O pr\u00eamio 50+Admirados considera os nomes mais votados entre os profissionais de comunica\u00e7\u00e3o de todo o pa\u00eds. A sele\u00e7\u00e3o dos indicados ao pr\u00eamio \u00e9 feita pela escolha de 50 favoritos entre 300 [&hellip;]<\/p>\n","protected":false},"author":0,"featured_media":0,"comment_status":"open","ping_status":"open","sticky":false,"template":"","format":"standard","meta":[],"categories":[1],"tags":[],"_links":{"self":[{"href":"https:\/\/aprimora.site\/carvalhoalmeidaadvogados\/wp-json\/wp\/v2\/posts\/17602"}],"collection":[{"href":"https:\/\/aprimora.site\/carvalhoalmeidaadvogados\/wp-json\/wp\/v2\/posts"}],"about":[{"href":"https:\/\/aprimora.site\/carvalhoalmeidaadvogados\/wp-json\/wp\/v2\/types\/post"}],"replies":[{"embeddable":true,"href":"https:\/\/aprimora.site\/carvalhoalmeidaadvogados\/wp-json\/wp\/v2\/comments?post=17602"}],"version-history":[{"count":0,"href":"https:\/\/aprimora.site\/carvalhoalmeidaadvogados\/wp-json\/wp\/v2\/posts\/17602\/revisions"}],"wp:attachment":[{"href":"https:\/\/aprimora.site\/carvalhoalmeidaadvogados\/wp-json\/wp\/v2\/media?parent=17602"}],"wp:term":[{"taxonomy":"category","embeddable":true,"href":"https:\/\/aprimora.site\/carvalhoalmeidaadvogados\/wp-json\/wp\/v2\/categories?post=17602"},{"taxonomy":"post_tag","embeddable":true,"href":"https:\/\/aprimora.site\/carvalhoalmeidaadvogados\/wp-json\/wp\/v2\/tags?post=17602"}],"curies":[{"name":"wp","href":"https:\/\/api.w.org\/{rel}","templated":true}]}}