{"id":17353,"date":"2025-10-17T08:00:41","date_gmt":"2025-10-17T11:00:41","guid":{"rendered":"https:\/\/aprimora.site\/carvalhoalmeidaadvogados\/2025\/10\/17\/credores-da-santa-casa-da-misericordia-tem-oportunidade-de-acordo\/"},"modified":"2025-10-17T08:00:41","modified_gmt":"2025-10-17T11:00:41","slug":"credores-da-santa-casa-da-misericordia-tem-oportunidade-de-acordo","status":"publish","type":"post","link":"https:\/\/aprimora.site\/carvalhoalmeidaadvogados\/2025\/10\/17\/credores-da-santa-casa-da-misericordia-tem-oportunidade-de-acordo\/","title":{"rendered":"Credores da Santa Casa da Miseric\u00f3rdia t\u00eam oportunidade de acordo"},"content":{"rendered":"<p>O Tribunal Regional do Trabalho da 1\u00aa Regi\u00e3o (<a href=\"https:\/\/www.jota.info\/tudo-sobre\/trt1\">TRT1<\/a>) publicou edital oferecendo aos credores da Santa Casa da Miseric\u00f3rdia do Rio de Janeiro a possibilidade de firmar acordos com des\u00e1gio de 30% sobre o valor atualizado das d\u00edvidas trabalhistas. Uma iniciativa, liderada pela Coordenadoria de Apoio \u00e0 Execu\u00e7\u00e3o (Caex), integra o Regime Especial de Execu\u00e7\u00e3o For\u00e7ada (REEF), que busca agilizar a quita\u00e7\u00e3o de subs\u00eddios e aumentar o ac\u00famulo de execu\u00e7\u00f5es individuais.<\/p>\n<h3><a href=\"https:\/\/conteudo.jota.info\/marketing-lp-conversao-jota-pro-trabalhista?utm_source=site&amp;utm_medium=lp&amp;utm_campaign=11-03-2025-site-lp-cta-pro-trabalhista-lead-site-audiencias-trabalhista&amp;utm_content=site-lp-cta-pro-trabalhista-lead-site-trabalhista&amp;utm_term=audiencias\">Conhe\u00e7a o <span class=\"jota\">JOTA<\/span> PRO Trabalhista, solu\u00e7\u00e3o corporativa que antecipa as movimenta\u00e7\u00f5es trabalhistas no Judici\u00e1rio, Legislativo e Executivo<\/a><\/h3>\n<p>Os interessados \u200b\u200bdever\u00e3o manifestar ades\u00e3o at\u00e9 \u00e0s 23h59 do dia 31 de outubro, por meio do formul\u00e1rio eletr\u00f4nico dispon\u00edvel no portal do TRT1. Caso o n\u00famero de inscritos ultrapasse o or\u00e7amento dispon\u00edvel, ter\u00e3o prioridade os credores preferenciais e, em seguida, aqueles com menor cr\u00e9dito. Ap\u00f3s o termo do prazo, o resultado ser\u00e1 publicado na p\u00e1gina da Execu\u00e7\u00e3o Trabalhista, e apenas os processos contemplados ser\u00e3o encaminhados ao Centro Judici\u00e1rio de Solu\u00e7\u00e3o de Conflitos e Cidadania (Cejusc) para formaliza\u00e7\u00e3o dos acordos.<\/p>\n<p>O tribunal refor\u00e7a que o preenchimento do formul\u00e1rio \u00e9 requisito obrigat\u00f3rio, mesmo para credores cujos processos j\u00e1 tenham sido enviados ao Cejusc. O Regime Especial de Execu\u00e7\u00e3o For\u00e7ada (REEF) \u00e9 um procedimento unificado que concentra em um \u00fanico processo-piloto as medidas de busca, constri\u00e7\u00e3o e expropria\u00e7\u00e3o de bens, com o objetivo de satisfa\u00e7\u00e3o de forma coordenada como d\u00edvidas trabalhistas de devedores com grande volume de execu\u00e7\u00f5es pendentes.<\/p>","protected":false},"excerpt":{"rendered":"<p>O Tribunal Regional do Trabalho da 1\u00aa Regi\u00e3o (TRT1) publicou edital oferecendo aos credores da Santa Casa da Miseric\u00f3rdia do Rio de Janeiro a possibilidade de firmar acordos com des\u00e1gio de 30% sobre o valor atualizado das d\u00edvidas trabalhistas. Uma iniciativa, liderada pela Coordenadoria de Apoio \u00e0 Execu\u00e7\u00e3o (Caex), integra o Regime Especial de Execu\u00e7\u00e3o [&hellip;]<\/p>\n","protected":false},"author":0,"featured_media":0,"comment_status":"open","ping_status":"open","sticky":false,"template":"","format":"standard","meta":[],"categories":[1],"tags":[],"_links":{"self":[{"href":"https:\/\/aprimora.site\/carvalhoalmeidaadvogados\/wp-json\/wp\/v2\/posts\/17353"}],"collection":[{"href":"https:\/\/aprimora.site\/carvalhoalmeidaadvogados\/wp-json\/wp\/v2\/posts"}],"about":[{"href":"https:\/\/aprimora.site\/carvalhoalmeidaadvogados\/wp-json\/wp\/v2\/types\/post"}],"replies":[{"embeddable":true,"href":"https:\/\/aprimora.site\/carvalhoalmeidaadvogados\/wp-json\/wp\/v2\/comments?post=17353"}],"version-history":[{"count":0,"href":"https:\/\/aprimora.site\/carvalhoalmeidaadvogados\/wp-json\/wp\/v2\/posts\/17353\/revisions"}],"wp:attachment":[{"href":"https:\/\/aprimora.site\/carvalhoalmeidaadvogados\/wp-json\/wp\/v2\/media?parent=17353"}],"wp:term":[{"taxonomy":"category","embeddable":true,"href":"https:\/\/aprimora.site\/carvalhoalmeidaadvogados\/wp-json\/wp\/v2\/categories?post=17353"},{"taxonomy":"post_tag","embeddable":true,"href":"https:\/\/aprimora.site\/carvalhoalmeidaadvogados\/wp-json\/wp\/v2\/tags?post=17353"}],"curies":[{"name":"wp","href":"https:\/\/api.w.org\/{rel}","templated":true}]}}