{"id":17233,"date":"2025-10-16T10:06:42","date_gmt":"2025-10-16T13:06:42","guid":{"rendered":"https:\/\/aprimora.site\/carvalhoalmeidaadvogados\/2025\/10\/16\/podcast-debate-aplicacao-imediata-de-novo-piso-para-execucao-fiscal-por-conselhos-profissionais\/"},"modified":"2025-10-16T10:06:42","modified_gmt":"2025-10-16T13:06:42","slug":"podcast-debate-aplicacao-imediata-de-novo-piso-para-execucao-fiscal-por-conselhos-profissionais","status":"publish","type":"post","link":"https:\/\/aprimora.site\/carvalhoalmeidaadvogados\/2025\/10\/16\/podcast-debate-aplicacao-imediata-de-novo-piso-para-execucao-fiscal-por-conselhos-profissionais\/","title":{"rendered":"Podcast debate aplica\u00e7\u00e3o imediata de novo piso para execu\u00e7\u00e3o fiscal por conselhos profissionais"},"content":{"rendered":"<p>Podcast debate aplica\u00e7\u00e3o imediata de novo piso para execu\u00e7\u00e3o fiscal por conselhos profissionais<\/p>","protected":false},"excerpt":{"rendered":"<p>Podcast debate aplica\u00e7\u00e3o imediata de novo piso para execu\u00e7\u00e3o fiscal por conselhos profissionais<\/p>\n","protected":false},"author":0,"featured_media":0,"comment_status":"open","ping_status":"open","sticky":false,"template":"","format":"standard","meta":[],"categories":[1],"tags":[],"_links":{"self":[{"href":"https:\/\/aprimora.site\/carvalhoalmeidaadvogados\/wp-json\/wp\/v2\/posts\/17233"}],"collection":[{"href":"https:\/\/aprimora.site\/carvalhoalmeidaadvogados\/wp-json\/wp\/v2\/posts"}],"about":[{"href":"https:\/\/aprimora.site\/carvalhoalmeidaadvogados\/wp-json\/wp\/v2\/types\/post"}],"replies":[{"embeddable":true,"href":"https:\/\/aprimora.site\/carvalhoalmeidaadvogados\/wp-json\/wp\/v2\/comments?post=17233"}],"version-history":[{"count":0,"href":"https:\/\/aprimora.site\/carvalhoalmeidaadvogados\/wp-json\/wp\/v2\/posts\/17233\/revisions"}],"wp:attachment":[{"href":"https:\/\/aprimora.site\/carvalhoalmeidaadvogados\/wp-json\/wp\/v2\/media?parent=17233"}],"wp:term":[{"taxonomy":"category","embeddable":true,"href":"https:\/\/aprimora.site\/carvalhoalmeidaadvogados\/wp-json\/wp\/v2\/categories?post=17233"},{"taxonomy":"post_tag","embeddable":true,"href":"https:\/\/aprimora.site\/carvalhoalmeidaadvogados\/wp-json\/wp\/v2\/tags?post=17233"}],"curies":[{"name":"wp","href":"https:\/\/api.w.org\/{rel}","templated":true}]}}