{"id":17097,"date":"2025-10-15T07:59:57","date_gmt":"2025-10-15T10:59:57","guid":{"rendered":"https:\/\/aprimora.site\/carvalhoalmeidaadvogados\/2025\/10\/15\/carf-aprova-dedutibilidade-de-jcp-extemporaneo-da-base-de-calculo-do-irpj-e-da-csll\/"},"modified":"2025-10-15T07:59:57","modified_gmt":"2025-10-15T10:59:57","slug":"carf-aprova-dedutibilidade-de-jcp-extemporaneo-da-base-de-calculo-do-irpj-e-da-csll","status":"publish","type":"post","link":"https:\/\/aprimora.site\/carvalhoalmeidaadvogados\/2025\/10\/15\/carf-aprova-dedutibilidade-de-jcp-extemporaneo-da-base-de-calculo-do-irpj-e-da-csll\/","title":{"rendered":"Carf aprova dedutibilidade de JCP extempor\u00e2neo da base de c\u00e1lculo do IRPJ e da CSLL"},"content":{"rendered":"<p>Por maioria de 5 votos a 1, a 2\u00aa Turma Ordin\u00e1ria da 1\u00aa C\u00e2mara da 1\u00aa Se\u00e7\u00e3o Conselho Administrativo de Recursos Fiscais (<a href=\"https:\/\/www.jota.info\/tudo-sobre\/carf\">Carf)<\/a> autorizou o pagamento de Juros sobre Capital Pr\u00f3prio (<a href=\"https:\/\/www.jota.info\/tudo-sobre\/jcp\">JCP<\/a>) extempor\u00e2neos e, portanto, sua dedu\u00e7\u00e3o da base de c\u00e1lculo do <a href=\"https:\/\/www.jota.info\/tributos\/irpj-entenda-o-que-e-como-funciona-e-como-e-calculado\">IRPJ<\/a> e <a href=\"https:\/\/www.jota.info\/opiniao-e-analise\/artigos\/csll-o-que-e\">CSLL<\/a>, entendendo que n\u00e3o h\u00e1 despesa antes da delibera\u00e7\u00e3o societ\u00e1ria que aprova o JCP, momento em que o passivo passa a existir e pode ser registrado. A fiscaliza\u00e7\u00e3o dizia que o pagamento retroativo desobedeceria o limite de dedutibilidade previsto em lei.<\/p>\n<h3><a href=\"https:\/\/www.jota.info\/produtos\/tributos?utm_source=cta-site&amp;utm_medium=site&amp;utm_campaign=campanha_tributos_q2&amp;utm_id=cta_texto_tributos_q2_2023&amp;utm_term=cta_texto_tributos&amp;utm_term=cta_texto_tributos_meio_materias\">Esta reportagem foi antecipada a assinantes <span class=\"jota\">JOTA<\/span> PRO Tributos em 28\/8. Conhe\u00e7a a plataforma do <span class=\"jota\">JOTA<\/span> de monitoramento tribut\u00e1rio para empresas e escrit\u00f3rios, que traz decis\u00f5es e movimenta\u00e7\u00f5es do Carf, STJ e STF<\/a><\/h3>\n<p>Trata-se de dedu\u00e7\u00f5es realizadas em 2013 e 2014 pela empresa Citibank Leasing S.A Arrendamento Mercantil, relativas a JCP apurados nos exerc\u00edcios de 2010, 2011 e 2012.<\/p>\n<p>A relatora Cristiane Pires McNaughton, em voto vencedor, entendeu que o JCP \u00e9 um benef\u00edcio fiscal cuja obriga\u00e7\u00e3o somente surge com a delibera\u00e7\u00e3o societ\u00e1ria que o aprova, momento em que o passivo passa a existir e pode ser reconhecido contabilmente. Antes desse ato n\u00e3o h\u00e1 despesa a ser registrada, de modo que n\u00e3o h\u00e1 viola\u00e7\u00e3o ao regime de compet\u00eancia. Pontuou, por fim, que se mostrou inexistente o preju\u00edzo ao Fisco, afastando-se, portanto, a glosa com base no artigo 6, inciso 5, do Decreto Lei 1.598\/77.<\/p>\n<h3><a href=\"https:\/\/conteudo.jota.info\/cadastro-em-newsletter-curadoria-jota-pro-tributos\">Receba de gra\u00e7a todas as sextas-feiras um resumo da semana tribut\u00e1ria no seu email<\/a><\/h3>\n<p>Por conta deste \u00faltimo ponto levantado pela relatora, os conselheiros Lizandro Rodrigues de Sousa e Roney Sandro Freire Correia votaram favoravelmente ao contribuinte, embora tenham concordado com o racioc\u00ednio da diverg\u00eancia do presidente da turma, Fernando Beltcher da Silva. \u00danico a divergir, Beltcher entendeu que, por se tratar de despesa dedut\u00edvel, o JCP deve observar o regime de compet\u00eancia, de modo que a falta de pagamento no ano-calend\u00e1rio correspondente impede a dedu\u00e7\u00e3o.<\/p>\n<p>O processo tramita com o n\u00famero 16327.720843\/2018-11.<\/p>","protected":false},"excerpt":{"rendered":"<p>Por maioria de 5 votos a 1, a 2\u00aa Turma Ordin\u00e1ria da 1\u00aa C\u00e2mara da 1\u00aa Se\u00e7\u00e3o Conselho Administrativo de Recursos Fiscais (Carf) autorizou o pagamento de Juros sobre Capital Pr\u00f3prio (JCP) extempor\u00e2neos e, portanto, sua dedu\u00e7\u00e3o da base de c\u00e1lculo do IRPJ e CSLL, entendendo que n\u00e3o h\u00e1 despesa antes da delibera\u00e7\u00e3o societ\u00e1ria que [&hellip;]<\/p>\n","protected":false},"author":0,"featured_media":0,"comment_status":"open","ping_status":"open","sticky":false,"template":"","format":"standard","meta":[],"categories":[1],"tags":[],"_links":{"self":[{"href":"https:\/\/aprimora.site\/carvalhoalmeidaadvogados\/wp-json\/wp\/v2\/posts\/17097"}],"collection":[{"href":"https:\/\/aprimora.site\/carvalhoalmeidaadvogados\/wp-json\/wp\/v2\/posts"}],"about":[{"href":"https:\/\/aprimora.site\/carvalhoalmeidaadvogados\/wp-json\/wp\/v2\/types\/post"}],"replies":[{"embeddable":true,"href":"https:\/\/aprimora.site\/carvalhoalmeidaadvogados\/wp-json\/wp\/v2\/comments?post=17097"}],"version-history":[{"count":0,"href":"https:\/\/aprimora.site\/carvalhoalmeidaadvogados\/wp-json\/wp\/v2\/posts\/17097\/revisions"}],"wp:attachment":[{"href":"https:\/\/aprimora.site\/carvalhoalmeidaadvogados\/wp-json\/wp\/v2\/media?parent=17097"}],"wp:term":[{"taxonomy":"category","embeddable":true,"href":"https:\/\/aprimora.site\/carvalhoalmeidaadvogados\/wp-json\/wp\/v2\/categories?post=17097"},{"taxonomy":"post_tag","embeddable":true,"href":"https:\/\/aprimora.site\/carvalhoalmeidaadvogados\/wp-json\/wp\/v2\/tags?post=17097"}],"curies":[{"name":"wp","href":"https:\/\/api.w.org\/{rel}","templated":true}]}}