{"id":17026,"date":"2025-10-14T17:12:38","date_gmt":"2025-10-14T20:12:38","guid":{"rendered":"https:\/\/aprimora.site\/carvalhoalmeidaadvogados\/2025\/10\/14\/sexta-turma-anula-condenacao-e-manda-soltar-acusado-de-envolvimento-no-crime-da-113-sul\/"},"modified":"2025-10-14T17:12:38","modified_gmt":"2025-10-14T20:12:38","slug":"sexta-turma-anula-condenacao-e-manda-soltar-acusado-de-envolvimento-no-crime-da-113-sul","status":"publish","type":"post","link":"https:\/\/aprimora.site\/carvalhoalmeidaadvogados\/2025\/10\/14\/sexta-turma-anula-condenacao-e-manda-soltar-acusado-de-envolvimento-no-crime-da-113-sul\/","title":{"rendered":"Sexta Turma anula condena\u00e7\u00e3o e manda soltar acusado de envolvimento no Crime da 113 Sul"},"content":{"rendered":"<p>Sexta Turma anula condena\u00e7\u00e3o e manda soltar acusado de envolvimento no Crime da 113 Sul<\/p>","protected":false},"excerpt":{"rendered":"<p>Sexta Turma anula condena\u00e7\u00e3o e manda soltar acusado de envolvimento no Crime da 113 Sul<\/p>\n","protected":false},"author":0,"featured_media":0,"comment_status":"open","ping_status":"open","sticky":false,"template":"","format":"standard","meta":[],"categories":[1],"tags":[],"_links":{"self":[{"href":"https:\/\/aprimora.site\/carvalhoalmeidaadvogados\/wp-json\/wp\/v2\/posts\/17026"}],"collection":[{"href":"https:\/\/aprimora.site\/carvalhoalmeidaadvogados\/wp-json\/wp\/v2\/posts"}],"about":[{"href":"https:\/\/aprimora.site\/carvalhoalmeidaadvogados\/wp-json\/wp\/v2\/types\/post"}],"replies":[{"embeddable":true,"href":"https:\/\/aprimora.site\/carvalhoalmeidaadvogados\/wp-json\/wp\/v2\/comments?post=17026"}],"version-history":[{"count":0,"href":"https:\/\/aprimora.site\/carvalhoalmeidaadvogados\/wp-json\/wp\/v2\/posts\/17026\/revisions"}],"wp:attachment":[{"href":"https:\/\/aprimora.site\/carvalhoalmeidaadvogados\/wp-json\/wp\/v2\/media?parent=17026"}],"wp:term":[{"taxonomy":"category","embeddable":true,"href":"https:\/\/aprimora.site\/carvalhoalmeidaadvogados\/wp-json\/wp\/v2\/categories?post=17026"},{"taxonomy":"post_tag","embeddable":true,"href":"https:\/\/aprimora.site\/carvalhoalmeidaadvogados\/wp-json\/wp\/v2\/tags?post=17026"}],"curies":[{"name":"wp","href":"https:\/\/api.w.org\/{rel}","templated":true}]}}