{"id":16970,"date":"2025-10-14T08:02:05","date_gmt":"2025-10-14T11:02:05","guid":{"rendered":"https:\/\/aprimora.site\/carvalhoalmeidaadvogados\/2025\/10\/14\/stf-ao-vivo-1a-turma-inicia-julgamento-do-nucleo-4-da-trama-golpista\/"},"modified":"2025-10-14T08:02:05","modified_gmt":"2025-10-14T11:02:05","slug":"stf-ao-vivo-1a-turma-inicia-julgamento-do-nucleo-4-da-trama-golpista","status":"publish","type":"post","link":"https:\/\/aprimora.site\/carvalhoalmeidaadvogados\/2025\/10\/14\/stf-ao-vivo-1a-turma-inicia-julgamento-do-nucleo-4-da-trama-golpista\/","title":{"rendered":"STF AO VIVO \u2013 1\u00aa Turma inicia julgamento do n\u00facleo 4 da trama golpista"},"content":{"rendered":"<p>Os ministros da 1\u00aa Turma do Supremo Tribunal Federal (<a href=\"https:\/\/www.jota.info\/tudo-sobre\/stf\">STF<\/a>) come\u00e7am nesta ter\u00e7a-feira (14\/10), a partir das 9h, o julgamento do <a href=\"https:\/\/www.jota.info\/stf\/do-supremo\/bolsonaro-tentou-abolir-estado-democratico-de-direito-diz-pgr-em-denuncia\">n\u00facleo 4<\/a> da den\u00fancia apresentada pela Procuradoria-Geral da Rep\u00fablica (<a href=\"https:\/\/www.jota.info\/tudo-sobre\/pgr\">PGR<\/a>) sobre a tentativa de golpe em 2022.<\/p>\n<p>Segundo a den\u00fancia, o grupo era respons\u00e1vel por disseminar desinforma\u00e7\u00e3o \u2013 como supostas fraudes nas urnas eletr\u00f4nicas \u2013 e difamar pessoas contr\u00e1rias \u00e0 tentativa de golpe, como o ent\u00e3o comandante do Ex\u00e9rcito general Freire Gomes.<\/p>\n<h3><a href=\"https:\/\/www.jota.info\/produtos\/poder?utm_source=cta-site&amp;utm_medium=site&amp;utm_campaign=campanha_poder_q2&amp;utm_id=cta_texto_poder_q2_2023&amp;utm_term=cta_texto_poder&amp;utm_term=cta_texto_poder_meio_materias\"><span>Conhe\u00e7a o <span class=\"jota\">JOTA<\/span> PRO Poder, plataforma de monitoramento que oferece transpar\u00eancia e previsibilidade para empresas<\/span><\/a><\/h3>\n<p>Esse ser\u00e1 o primeiro julgamento da AP 2694 sob a presid\u00eancia de Fl\u00e1vio Dino na 1\u00aa Turma e o segundo da trama golpista. O n\u00facleo 4 \u00e9 o segundo grupo de denunciados por participar na tentativa de golpe a ser julgado pelo STF. Em 11 de setembro, a Corte <a href=\"https:\/\/www.jota.info\/stf\/do-supremo\/stf-tem-maioria-para-condenar-jair-bolsonaro-por-tentativa-de-golpe-de-estado\">concluiu o julgamento do n\u00facleo 1, condenando o ex-presidente Jair Bolsonaro (PL) e sete aliados<\/a>.<\/p>\n<p>Ser\u00e3o julgados nesta etapa:<\/p>\n<p><strong>Ailton Moraes Barros<\/strong>, ex-major do Ex\u00e9rcito;<br \/>\n<strong>\u00c2ngelo Denicoli,<\/strong> major da reserva do Ex\u00e9rcito;<br \/>\n<strong>Giancarlo Rodrigues<\/strong>, subtenente do Ex\u00e9rcito;<br \/>\n<strong>Guilherme Almeida<\/strong>, tenente-coronel do Ex\u00e9rcito;<br \/>\n<strong>Reginaldo Abreu<\/strong>, coronel do Ex\u00e9rcito;<br \/>\n<strong>Marcelo Bormevet<\/strong>, agente da Pol\u00edcia Federal;<br \/>\n<strong>Carlos Cesar Moretzsohn Rocha<\/strong>, presidente do Instituto Voto Legal.<\/p>\n<p>Os r\u00e9us respondem por tentativa de aboli\u00e7\u00e3o violenta do Estado Democr\u00e1tico de Direito, tentativa de golpe de Estado, participa\u00e7\u00e3o em organiza\u00e7\u00e3o criminosa armada, dano qualificado e deteriora\u00e7\u00e3o de patrim\u00f4nio tombado.<\/p>\n<h3>Assista \u00e0 sess\u00e3o ao vivo<\/h3>\n<div class=\"jota-article__embed\"><\/div>\n<p>\u00a0<\/p>","protected":false},"excerpt":{"rendered":"<p>Os ministros da 1\u00aa Turma do Supremo Tribunal Federal (STF) come\u00e7am nesta ter\u00e7a-feira (14\/10), a partir das 9h, o julgamento do n\u00facleo 4 da den\u00fancia apresentada pela Procuradoria-Geral da Rep\u00fablica (PGR) sobre a tentativa de golpe em 2022. Segundo a den\u00fancia, o grupo era respons\u00e1vel por disseminar desinforma\u00e7\u00e3o \u2013 como supostas fraudes nas urnas eletr\u00f4nicas [&hellip;]<\/p>\n","protected":false},"author":0,"featured_media":0,"comment_status":"open","ping_status":"open","sticky":false,"template":"","format":"standard","meta":[],"categories":[1],"tags":[],"_links":{"self":[{"href":"https:\/\/aprimora.site\/carvalhoalmeidaadvogados\/wp-json\/wp\/v2\/posts\/16970"}],"collection":[{"href":"https:\/\/aprimora.site\/carvalhoalmeidaadvogados\/wp-json\/wp\/v2\/posts"}],"about":[{"href":"https:\/\/aprimora.site\/carvalhoalmeidaadvogados\/wp-json\/wp\/v2\/types\/post"}],"replies":[{"embeddable":true,"href":"https:\/\/aprimora.site\/carvalhoalmeidaadvogados\/wp-json\/wp\/v2\/comments?post=16970"}],"version-history":[{"count":0,"href":"https:\/\/aprimora.site\/carvalhoalmeidaadvogados\/wp-json\/wp\/v2\/posts\/16970\/revisions"}],"wp:attachment":[{"href":"https:\/\/aprimora.site\/carvalhoalmeidaadvogados\/wp-json\/wp\/v2\/media?parent=16970"}],"wp:term":[{"taxonomy":"category","embeddable":true,"href":"https:\/\/aprimora.site\/carvalhoalmeidaadvogados\/wp-json\/wp\/v2\/categories?post=16970"},{"taxonomy":"post_tag","embeddable":true,"href":"https:\/\/aprimora.site\/carvalhoalmeidaadvogados\/wp-json\/wp\/v2\/tags?post=16970"}],"curies":[{"name":"wp","href":"https:\/\/api.w.org\/{rel}","templated":true}]}}