{"id":14703,"date":"2025-09-24T15:13:57","date_gmt":"2025-09-24T18:13:57","guid":{"rendered":"https:\/\/aprimora.site\/carvalhoalmeidaadvogados\/2025\/09\/24\/stf-ao-vivo-ministros-discutem-quebra-de-sigilo-de-dados-na-internet-sessao-de-24-9-2025\/"},"modified":"2025-09-24T15:13:57","modified_gmt":"2025-09-24T18:13:57","slug":"stf-ao-vivo-ministros-discutem-quebra-de-sigilo-de-dados-na-internet-sessao-de-24-9-2025","status":"publish","type":"post","link":"https:\/\/aprimora.site\/carvalhoalmeidaadvogados\/2025\/09\/24\/stf-ao-vivo-ministros-discutem-quebra-de-sigilo-de-dados-na-internet-sessao-de-24-9-2025\/","title":{"rendered":"STF AO VIVO \u2013 Ministros discutem quebra de sigilo de dados na internet \u2013 sess\u00e3o de 24\/9\/2025"},"content":{"rendered":"<p>Nesta quarta-feira (24\/9), os ministros do Supremo Tribunal Federal (<a href=\"https:\/\/www.jota.info\/tudo-sobre\/stf\">STF<\/a>) retomam o julgamento do recurso extraordin\u00e1rio <a href=\"https:\/\/portal.stf.jus.br\/processos\/detalhe.asp?incidente=6059876\"><strong>(RE) 1.301.250<\/strong><\/a> que discute se \u00e9 poss\u00edvel que decis\u00f5es judiciais decretem quebra de sigilo de dados telem\u00e1ticos de um conjunto n\u00e3o identificado de pessoas.<\/p>\n<p>O recurso foi proposto na Corte pela <a href=\"https:\/\/www.jota.info\/tudo-sobre\/google\">Google<\/a> contra decis\u00e3o do Superior Tribunal de Justi\u00e7a <a href=\"https:\/\/www.jota.info\/tudo-sobre\/stj\">(STJ)<\/a> que manteve a <a href=\"https:\/\/www.jota.info\/tudo-sobre\/quebra-de-sigilo\">quebra de sigilo<\/a> de um grupo indeterminado de pessoas que fizeram pesquisas relacionadas \u00e0 vereadora <a href=\"https:\/\/www.jota.info\/tudo-sobre\/marielle-franco\">Marielle Franco<\/a> e a sua agenda nos quatro dias anteriores ao atentado em que ela e o motorista Anderson Gomes foram assassinados, em 14 de mar\u00e7o de 2018. A discuss\u00e3o tem <strong>repercuss\u00e3o geral (Tema 1148) <\/strong>conhecida, portanto, o que for decidido servir\u00e1 de par\u00e2metro para os demais tribunais do pa\u00eds.<\/p>\n<h3><a href=\"https:\/\/www.jota.info\/produtos\/poder?utm_source=cta-site&amp;utm_medium=site&amp;utm_campaign=campanha_poder_q2&amp;utm_id=cta_texto_poder_q2_2023&amp;utm_term=cta_texto_poder&amp;utm_term=cta_texto_poder_meio_materias\"><span>Conhe\u00e7a o <span class=\"jota\">JOTA<\/span> PRO Poder, plataforma de monitoramento que oferece transpar\u00eancia e previsibilidade para empresas<\/span><\/a><\/h3>\n<p>Os ministros tamb\u00e9m podem retomar o julgamento do<a href=\"https:\/\/portal.stf.jus.br\/processos\/detalhe.asp?incidente=6291519\"> RE 1.355.228 <\/a>que discute se a substitui\u00e7\u00e3o do chefe do <a href=\"https:\/\/www.jota.info\/tudo-sobre\/poder-executivo\">Poder Executivo<\/a>, por breve per\u00edodo, em raz\u00e3o de decis\u00e3o judicial, \u00e9 causa leg\u00edtima da <a href=\"https:\/\/www.jota.info\/tudo-sobre\/inelegibilidade\">inelegibilidade<\/a> para um segundo mandato consecutivo.<\/p>\n<p>O julgamento do recurso j\u00e1 tem o m\u00ednimo suficiente de quatro votos no plen\u00e1rio virtual do Supremo Tribunal Federal (<a href=\"https:\/\/www.jota.info\/tudo-sobre\/stf\">STF<\/a>) para julgamento futuro do m\u00e9rito, com repercuss\u00e3o geral para as demais inst\u00e2ncias.<\/p>\n<p>A proposta do ministro-relator, <a href=\"https:\/\/www.jota.info\/tudo-sobre\/nunes-marques\">Nunes Marques<\/a>, j\u00e1 foi acompanhada pelos colegas <a href=\"https:\/\/www.jota.info\/tudo-sobre\/rosa-weber\">Rosa Weber<\/a>, <a href=\"https:\/\/www.jota.info\/tudo-sobre\/alexandre-de-moraes\">Alexandre de Moraes<\/a> e <a href=\"https:\/\/www.jota.info\/autor\/luis-roberto-barroso\">Roberto Barroso<\/a>. Em quest\u00e3o, a interpreta\u00e7\u00e3o do artigo 14, par\u00e1grafo 5\u00ba da <a href=\"https:\/\/www.jota.info\/autor\/luis-roberto-barroso\">Constitui\u00e7\u00e3o<\/a>: \u201cO Presidente da Rep\u00fablica, os Governadores de Estado, os Prefeitos e quem os houver sucedido ou substitu\u00eddo no curso dos mandatos poder\u00e3o ser reeleitos para um \u00fanico per\u00edodo subsequente\u201d.<\/p>\n<h3><a href=\"https:\/\/conteudo.jota.info\/marketing-lp-newsletter-ultimas-noticias?utm_source=jota&amp;utm_medium=lp&amp;utm_campaign=23-09-2024-jota-lp-eleicoes-2024-eleicoes-2024-none-audiencias-none&amp;utm_content=eleicoes-2024&amp;utm_term=none\"><span>Assine gratuitamente a newsletter \u00daltimas Not\u00edcias do <span class=\"jota\">JOTA<\/span> e receba as principais not\u00edcias jur\u00eddicas e pol\u00edticas do dia no seu email<\/span><\/a><\/h3>\n<p>Tamb\u00e9m consta na pauta o julgamento da a\u00e7\u00e3o direta de inconstitucionalidade <a href=\"https:\/\/portal.stf.jus.br\/processos\/detalhe.asp?incidente=5368307\">(ADI) 5.911<\/a>, que contesta exig\u00eancias previstas para a esteriliza\u00e7\u00e3o volunt\u00e1ria na Lei do Planejamento Familiar <a href=\"https:\/\/www.planalto.gov.br\/ccivil_03\/leis\/l9263.htm\">(Lei 9.263\/1996)<\/a>, como idade m\u00ednima de 21 anos ou dois filhos vivos para a realiza\u00e7\u00e3o de procedimentos de laqueadura ou vasectomia. A A\u00e7\u00e3o Direta de Inconstitucionalidade foi proposta pelo Partido Socialista Brasileiro <a href=\"https:\/\/www.jota.info\/tudo-sobre\/PSB\">(PSB)<\/a> que alega que a norma viola a autonomia e a liberdade da mulher quanto a seus direitos reprodutivos.<\/p>\n<p>Os ministros tamb\u00e9m podem dar continuidade ao julgamento do <a href=\"https:\/\/portal.stf.jus.br\/processos\/detalhe.asp?incidente=5461726\">RE 1.133.118<\/a>, com <strong>repercuss\u00e3o geral (Tema 1000)<\/strong>, em que se discute a constitucionalidade de norma que prev\u00ea a possibilidade de nomea\u00e7\u00e3o de c\u00f4njuge, companheiro ou parente, em linha reta colateral ou por afinidade, at\u00e9 o terceiro grau, inclusive, da autoridade nomeante, para o exerc\u00edcio de cargo pol\u00edtico.<\/p>\n<p>Igualmente, est\u00e1 pautada a continuidade do julgamento da Argui\u00e7\u00e3o de Descumprimento de Preceito Fundamental <a href=\"https:\/\/portal.stf.jus.br\/processos\/detalhe.asp?incidente=6345989\">(ADPF) 944,<\/a> apresentada pela Confedera\u00e7\u00e3o Nacional da Ind\u00fastria <a href=\"https:\/\/www.jota.info\/tudo-sobre\/CNI\">(CNI)<\/a>, que pretende ver reconhecida a inconstitucionalidade das decis\u00f5es judiciais que destinam indeniza\u00e7\u00f5es (<em>rectius<\/em>: compensa\u00e7\u00f5es) por danos morais coletivos e\/ou danos sociais para fundos ou finalidades outras que n\u00e3o sejam aquelas previstas literalmente no art. 13 da <a href=\"http:\/\/www.planalto.gov.br\/ccivil_03\/leis\/l7347orig.htm\">Lei 7.347\/1985<\/a> (Lei da A\u00e7\u00e3o Civil P\u00fablica).<\/p>\n<h3><a href=\"https:\/\/whatsapp.com\/channel\/0029VaFvFd73rZZflK7yGD0I\">Inscreva-se no canal de not\u00edcias do <span class=\"jota\">JOTA<\/span> no WhatsApp e fique por dentro das principais discuss\u00f5es do pa\u00eds!<\/a> <span>\u00a0<\/span><\/h3>\n<p>O plen\u00e1rio do <a href=\"https:\/\/www.jota.info\/stf\">STF<\/a> tamb\u00e9m pode dar continuidade ao julgamento da <a href=\"http:\/\/portal.stf.jus.br\/processos\/detalhe.asp?incidente=7101614\">ADI 7.754<\/a>, apresentada pela Confedera\u00e7\u00e3o Nacional dos Transportes <a href=\"https:\/\/www.jota.info\/tudo-sobre\/cnt\">(CNT)<\/a>, que pretende a declara\u00e7\u00e3o de inconstitucionalidade da lei estadual do Rio de Janeiro <a href=\"https:\/\/www.jusbrasil.com.br\/legislacao\/2710946610\/lei-10489-24-rio-de-janeiro-rj\">10.489\/2024<\/a>, a qual obriga as <a href=\"https:\/\/www.jota.info\/tudo-sobre\/companhias-aereas\">companhias a\u00e9reas<\/a> brasileiras a fornecer transporte gratuito de animais de suporte emocional ou de servi\u00e7o na cabine das aeronaves em rotas nacionais que tenham como origem ou destino o estado.<\/p>\n<p>Por fim, a <a href=\"https:\/\/portal.stf.jus.br\/processos\/detalhe.asp?incidente=6801386\">ADI 7.524 <\/a>poder\u00e1 voltar \u00e0 discuss\u00e3o. Movida pela <a href=\"https:\/\/www.jota.info\/tudo-sobre\/pgr\">PGR<\/a>, a a\u00e7\u00e3o questiona leis de todos os estados e do Distrito Federal sobre <a href=\"https:\/\/www.jota.info\/tudo-sobre\/licenca-parental\">licen\u00e7a parental<\/a> de servidores p\u00fablicos civis e militares. A Procuradoria busca unificar a concess\u00e3o do benef\u00edcio em todos os entes federados, afastando as disparidades entre os estados.<\/p>\n<h3><strong>Assista \u00e0 sess\u00e3o de julgamento do STF ao vivo<\/strong><\/h3>\n<div class=\"jota-article__embed\"><\/div>","protected":false},"excerpt":{"rendered":"<p>Nesta quarta-feira (24\/9), os ministros do Supremo Tribunal Federal (STF) retomam o julgamento do recurso extraordin\u00e1rio (RE) 1.301.250 que discute se \u00e9 poss\u00edvel que decis\u00f5es judiciais decretem quebra de sigilo de dados telem\u00e1ticos de um conjunto n\u00e3o identificado de pessoas. O recurso foi proposto na Corte pela Google contra decis\u00e3o do Superior Tribunal de Justi\u00e7a [&hellip;]<\/p>\n","protected":false},"author":0,"featured_media":0,"comment_status":"open","ping_status":"open","sticky":false,"template":"","format":"standard","meta":[],"categories":[1],"tags":[],"_links":{"self":[{"href":"https:\/\/aprimora.site\/carvalhoalmeidaadvogados\/wp-json\/wp\/v2\/posts\/14703"}],"collection":[{"href":"https:\/\/aprimora.site\/carvalhoalmeidaadvogados\/wp-json\/wp\/v2\/posts"}],"about":[{"href":"https:\/\/aprimora.site\/carvalhoalmeidaadvogados\/wp-json\/wp\/v2\/types\/post"}],"replies":[{"embeddable":true,"href":"https:\/\/aprimora.site\/carvalhoalmeidaadvogados\/wp-json\/wp\/v2\/comments?post=14703"}],"version-history":[{"count":0,"href":"https:\/\/aprimora.site\/carvalhoalmeidaadvogados\/wp-json\/wp\/v2\/posts\/14703\/revisions"}],"wp:attachment":[{"href":"https:\/\/aprimora.site\/carvalhoalmeidaadvogados\/wp-json\/wp\/v2\/media?parent=14703"}],"wp:term":[{"taxonomy":"category","embeddable":true,"href":"https:\/\/aprimora.site\/carvalhoalmeidaadvogados\/wp-json\/wp\/v2\/categories?post=14703"},{"taxonomy":"post_tag","embeddable":true,"href":"https:\/\/aprimora.site\/carvalhoalmeidaadvogados\/wp-json\/wp\/v2\/tags?post=14703"}],"curies":[{"name":"wp","href":"https:\/\/api.w.org\/{rel}","templated":true}]}}