{"id":14667,"date":"2025-09-24T08:05:37","date_gmt":"2025-09-24T11:05:37","guid":{"rendered":"https:\/\/aprimora.site\/carvalhoalmeidaadvogados\/2025\/09\/24\/sem-prova-de-prejuizo-falta-de-registro-da-sentenca-declaratoria-de-ausencia-nao-gera-nulidade\/"},"modified":"2025-09-24T08:05:37","modified_gmt":"2025-09-24T11:05:37","slug":"sem-prova-de-prejuizo-falta-de-registro-da-sentenca-declaratoria-de-ausencia-nao-gera-nulidade","status":"publish","type":"post","link":"https:\/\/aprimora.site\/carvalhoalmeidaadvogados\/2025\/09\/24\/sem-prova-de-prejuizo-falta-de-registro-da-sentenca-declaratoria-de-ausencia-nao-gera-nulidade\/","title":{"rendered":"Sem prova de preju\u00edzo, falta de registro da senten\u00e7a declarat\u00f3ria de aus\u00eancia n\u00e3o gera nulidade"},"content":{"rendered":"<p>A senten\u00e7a declarat\u00f3ria de aus\u00eancia, cujo objetivo \u00e9 dar publicidade ao procedimento legal que visa resguardar bens e interesses da pessoa desaparecida, deve, em regra, ser registrada em cart\u00f3rio.<\/p>","protected":false},"excerpt":{"rendered":"<p>A senten\u00e7a declarat\u00f3ria de aus\u00eancia, cujo objetivo \u00e9 dar publicidade ao procedimento legal que visa resguardar bens e interesses da pessoa desaparecida, deve, em regra, ser registrada em cart\u00f3rio.<\/p>\n","protected":false},"author":0,"featured_media":0,"comment_status":"open","ping_status":"open","sticky":false,"template":"","format":"standard","meta":[],"categories":[1],"tags":[],"_links":{"self":[{"href":"https:\/\/aprimora.site\/carvalhoalmeidaadvogados\/wp-json\/wp\/v2\/posts\/14667"}],"collection":[{"href":"https:\/\/aprimora.site\/carvalhoalmeidaadvogados\/wp-json\/wp\/v2\/posts"}],"about":[{"href":"https:\/\/aprimora.site\/carvalhoalmeidaadvogados\/wp-json\/wp\/v2\/types\/post"}],"replies":[{"embeddable":true,"href":"https:\/\/aprimora.site\/carvalhoalmeidaadvogados\/wp-json\/wp\/v2\/comments?post=14667"}],"version-history":[{"count":0,"href":"https:\/\/aprimora.site\/carvalhoalmeidaadvogados\/wp-json\/wp\/v2\/posts\/14667\/revisions"}],"wp:attachment":[{"href":"https:\/\/aprimora.site\/carvalhoalmeidaadvogados\/wp-json\/wp\/v2\/media?parent=14667"}],"wp:term":[{"taxonomy":"category","embeddable":true,"href":"https:\/\/aprimora.site\/carvalhoalmeidaadvogados\/wp-json\/wp\/v2\/categories?post=14667"},{"taxonomy":"post_tag","embeddable":true,"href":"https:\/\/aprimora.site\/carvalhoalmeidaadvogados\/wp-json\/wp\/v2\/tags?post=14667"}],"curies":[{"name":"wp","href":"https:\/\/api.w.org\/{rel}","templated":true}]}}