{"id":14591,"date":"2025-09-22T10:08:10","date_gmt":"2025-09-22T13:08:10","guid":{"rendered":"https:\/\/aprimora.site\/carvalhoalmeidaadvogados\/2025\/09\/22\/informativo-traz-configuracao-de-dano-moral-coletivo-em-protesto-realizado-sem-comunicacao-previa-as-autoridades\/"},"modified":"2025-09-22T10:08:10","modified_gmt":"2025-09-22T13:08:10","slug":"informativo-traz-configuracao-de-dano-moral-coletivo-em-protesto-realizado-sem-comunicacao-previa-as-autoridades","status":"publish","type":"post","link":"https:\/\/aprimora.site\/carvalhoalmeidaadvogados\/2025\/09\/22\/informativo-traz-configuracao-de-dano-moral-coletivo-em-protesto-realizado-sem-comunicacao-previa-as-autoridades\/","title":{"rendered":"Informativo traz configura\u00e7\u00e3o de dano moral coletivo em protesto realizado sem comunica\u00e7\u00e3o pr\u00e9via \u00e0s autoridades"},"content":{"rendered":"<p>Informativo traz configura\u00e7\u00e3o de dano moral coletivo em protesto realizado sem comunica\u00e7\u00e3o pr\u00e9via \u00e0s autoridades<\/p>","protected":false},"excerpt":{"rendered":"<p>Informativo traz configura\u00e7\u00e3o de dano moral coletivo em protesto realizado sem comunica\u00e7\u00e3o pr\u00e9via \u00e0s autoridades<\/p>\n","protected":false},"author":0,"featured_media":0,"comment_status":"open","ping_status":"open","sticky":false,"template":"","format":"standard","meta":[],"categories":[1],"tags":[],"_links":{"self":[{"href":"https:\/\/aprimora.site\/carvalhoalmeidaadvogados\/wp-json\/wp\/v2\/posts\/14591"}],"collection":[{"href":"https:\/\/aprimora.site\/carvalhoalmeidaadvogados\/wp-json\/wp\/v2\/posts"}],"about":[{"href":"https:\/\/aprimora.site\/carvalhoalmeidaadvogados\/wp-json\/wp\/v2\/types\/post"}],"replies":[{"embeddable":true,"href":"https:\/\/aprimora.site\/carvalhoalmeidaadvogados\/wp-json\/wp\/v2\/comments?post=14591"}],"version-history":[{"count":0,"href":"https:\/\/aprimora.site\/carvalhoalmeidaadvogados\/wp-json\/wp\/v2\/posts\/14591\/revisions"}],"wp:attachment":[{"href":"https:\/\/aprimora.site\/carvalhoalmeidaadvogados\/wp-json\/wp\/v2\/media?parent=14591"}],"wp:term":[{"taxonomy":"category","embeddable":true,"href":"https:\/\/aprimora.site\/carvalhoalmeidaadvogados\/wp-json\/wp\/v2\/categories?post=14591"},{"taxonomy":"post_tag","embeddable":true,"href":"https:\/\/aprimora.site\/carvalhoalmeidaadvogados\/wp-json\/wp\/v2\/tags?post=14591"}],"curies":[{"name":"wp","href":"https:\/\/api.w.org\/{rel}","templated":true}]}}