{"id":14479,"date":"2025-09-17T17:09:49","date_gmt":"2025-09-17T20:09:49","guid":{"rendered":"https:\/\/aprimora.site\/carvalhoalmeidaadvogados\/2025\/09\/17\/quaest-tarifaco-ainda-conta-mas-efeito-sobre-lula-desacelera\/"},"modified":"2025-09-17T17:09:49","modified_gmt":"2025-09-17T20:09:49","slug":"quaest-tarifaco-ainda-conta-mas-efeito-sobre-lula-desacelera","status":"publish","type":"post","link":"https:\/\/aprimora.site\/carvalhoalmeidaadvogados\/2025\/09\/17\/quaest-tarifaco-ainda-conta-mas-efeito-sobre-lula-desacelera\/","title":{"rendered":"Quaest: tarifa\u00e7o ainda conta, mas efeito sobre Lula desacelera"},"content":{"rendered":"<p>O \u201cru\u00eddo externo\u201d provocado pelo <a href=\"https:\/\/www.jota.info\/tudo-sobre\/tarifa%C3%A7o\">tarifa\u00e7o<\/a> de <a href=\"https:\/\/www.jota.info\/tudo-sobre\/donald-trump\">Donald Trump<\/a> ainda repercute entre os brasileiros, mas seu efeito positivo sobre a aprova\u00e7\u00e3o de <a href=\"https:\/\/www.jota.info\/tudo-sobre\/lula\">Lula<\/a> j\u00e1 mostra sinais de desgaste, aponta a pesquisa <a href=\"https:\/\/www.jota.info\/tudo-sobre\/genial-quaest\">Genial\/Quaest<\/a> divulgada nesta ter\u00e7a-feira (17\/9). Para o Planalto, o dado refor\u00e7a a avalia\u00e7\u00e3o de que, para manter e ampliar o apoio, ser\u00e1 essencial combinar resultados dom\u00e9sticos com as preocupa\u00e7\u00f5es em alta na cabe\u00e7a dos brasileiros.<\/p>\n<p>Ao mesmo tempo, a pol\u00edtica do presidente dos <a href=\"https:\/\/www.jota.info\/tudo-sobre\/estados-unidos\">Estados Unidos<\/a> \u2013 interpretada como tentativa de influenciar o julgamento do ex-presidente <a href=\"https:\/\/www.jota.info\/tudo-sobre\/jair-bolsonaro\">Jair Bolsonaro<\/a>, condenado a 27 anos e tr\u00eas meses em 11 de setembro \u2013 enfrenta rejei\u00e7\u00e3o crescente. Atualmente, 73% dos brasileiros desaprovam a medida (alta de 2 pontos), enquanto apenas 20% a apoiam.<\/p>\n<h3><a href=\"https:\/\/www.jota.info\/produtos\/poder?utm_source=cta-site&amp;utm_medium=site&amp;utm_campaign=campanha_poder_q2&amp;utm_id=cta_texto_poder_q2_2023&amp;utm_term=cta_texto_poder&amp;utm_term=cta_texto_poder_meio_materias\"><span>Conhe\u00e7a o <span class=\"jota\">JOTA<\/span> PRO Poder, plataforma de monitoramento que oferece transpar\u00eancia e previsibilidade para empresas<\/span><\/a><\/h3>\n<p>A rejei\u00e7\u00e3o \u00e9 mais intensa entre eleitores lulistas e da esquerda n\u00e3o lulista (91% em ambos os grupos), mas tamb\u00e9m cresce entre independentes, que representam 31% da amostra. Entre esses independentes, a parcela que considera a medida errada subiu de 80% em julho para 85% atualmente, enquanto o apoio caiu de 11% para 9%.<\/p>\n<p>O apoio \u00e0 medida de Trump diminui at\u00e9 entre eleitores bolsonaristas (13% da amostra). Em agosto, 54% defendiam a iniciativa; agora s\u00e3o 50%. J\u00e1 a rejei\u00e7\u00e3o passou de 36% para 41%. Entre a direita n\u00e3o bolsonarista, que representa uma parcela maior de eleitores (21% da amostra), a tend\u00eancia se repete: a parcela que desaprova a medida subiu de 48% para 53%, enquanto o apoio recuou de 43% para 40%.<\/p>\n<p>Paralelamente, a percep\u00e7\u00e3o de que Lula e o PT est\u00e3o agindo corretamente no contencioso com os EUA segue crescendo, embora em ritmo mais lento. Em julho, 44% dos eleitores compartilhavam essa avalia\u00e7\u00e3o; em agosto, subiu para 48%; e atualmente chega a 49%. A an\u00e1lise por posicionamento pol\u00edtico mostra que o avan\u00e7o foi puxado principalmente pelos independentes, cuja aprova\u00e7\u00e3o da postura do governo passou de 37% em julho para 45% em agosto, e 49% agora.<\/p>\n<h3>Planalto mira consolidar vis\u00e3o nacionalista para atrair eleitores de volta<\/h3>\n<p>A tend\u00eancia \u00e9 de que o tema internacional mantenha relev\u00e2ncia no debate p\u00fablico, mas com impacto limitado sobre a popularidade de Lula. Ainda assim, o governo pretende manter a estrat\u00e9gia vigente. No c\u00edrculo pr\u00f3ximo ao presidente, h\u00e1 a percep\u00e7\u00e3o de que o Brasil est\u00e1 conseguindo impor sua narrativa, encarando o cen\u00e1rio como um jogo de cartas marcadas, com o calend\u00e1rio eleitoral definido.<\/p>\n<p>Como o <strong><span class=\"jota\">JOTA<\/span><\/strong> mostrou, o ex-presidente Jair Bolsonaro ainda \u00e9 o candidato com o qual a administra\u00e7\u00e3o Trump 2.0 estaria comprometido. No governo, a avalia\u00e7\u00e3o \u00e9 de que esse embate se estender\u00e1 at\u00e9 as elei\u00e7\u00f5es. Assim, quest\u00f5es como a soberania nacional e a garantia da transi\u00e7\u00e3o democr\u00e1tica \u2013 prioridade j\u00e1 antes da posse de Trump \u2013 continuam no topo da agenda, superando at\u00e9 mesmo temas como o tarifa\u00e7o.<\/p>\n<p>Diante desse cen\u00e1rio, o desafio imediato do Planalto \u00e9 \u201c<em>bring voters home<\/em>\u201d \u2013 trazer os eleitores para casa: consolidar o apoio entre eleitores centrais e independentes, grupo decisivo n\u00e3o apenas para impulsionar a popularidade do presidente, mas tamb\u00e9m para garantir vantagem na corrida eleitoral de 2026.<\/p>\n<p>A pesquisa ouviu presencialmente 2.004 pessoas entre 12 e 14 de setembro. A margem de erro \u00e9 de 2 pontos percentuais.<\/p>","protected":false},"excerpt":{"rendered":"<p>O \u201cru\u00eddo externo\u201d provocado pelo tarifa\u00e7o de Donald Trump ainda repercute entre os brasileiros, mas seu efeito positivo sobre a aprova\u00e7\u00e3o de Lula j\u00e1 mostra sinais de desgaste, aponta a pesquisa Genial\/Quaest divulgada nesta ter\u00e7a-feira (17\/9). Para o Planalto, o dado refor\u00e7a a avalia\u00e7\u00e3o de que, para manter e ampliar o apoio, ser\u00e1 essencial combinar [&hellip;]<\/p>\n","protected":false},"author":0,"featured_media":0,"comment_status":"open","ping_status":"open","sticky":false,"template":"","format":"standard","meta":[],"categories":[1],"tags":[],"_links":{"self":[{"href":"https:\/\/aprimora.site\/carvalhoalmeidaadvogados\/wp-json\/wp\/v2\/posts\/14479"}],"collection":[{"href":"https:\/\/aprimora.site\/carvalhoalmeidaadvogados\/wp-json\/wp\/v2\/posts"}],"about":[{"href":"https:\/\/aprimora.site\/carvalhoalmeidaadvogados\/wp-json\/wp\/v2\/types\/post"}],"replies":[{"embeddable":true,"href":"https:\/\/aprimora.site\/carvalhoalmeidaadvogados\/wp-json\/wp\/v2\/comments?post=14479"}],"version-history":[{"count":0,"href":"https:\/\/aprimora.site\/carvalhoalmeidaadvogados\/wp-json\/wp\/v2\/posts\/14479\/revisions"}],"wp:attachment":[{"href":"https:\/\/aprimora.site\/carvalhoalmeidaadvogados\/wp-json\/wp\/v2\/media?parent=14479"}],"wp:term":[{"taxonomy":"category","embeddable":true,"href":"https:\/\/aprimora.site\/carvalhoalmeidaadvogados\/wp-json\/wp\/v2\/categories?post=14479"},{"taxonomy":"post_tag","embeddable":true,"href":"https:\/\/aprimora.site\/carvalhoalmeidaadvogados\/wp-json\/wp\/v2\/tags?post=14479"}],"curies":[{"name":"wp","href":"https:\/\/api.w.org\/{rel}","templated":true}]}}