{"id":14371,"date":"2025-09-12T20:04:22","date_gmt":"2025-09-12T23:04:22","guid":{"rendered":"https:\/\/aprimora.site\/carvalhoalmeidaadvogados\/?p=14371"},"modified":"2025-09-12T20:04:22","modified_gmt":"2025-09-12T23:04:22","slug":"juiza-lucia-zimmermann-palestra-sobre-execucao-no-ft-campinas","status":"publish","type":"post","link":"https:\/\/aprimora.site\/carvalhoalmeidaadvogados\/2025\/09\/12\/juiza-lucia-zimmermann-palestra-sobre-execucao-no-ft-campinas\/","title":{"rendered":"Ju\u00edza L\u00facia Zimmermann palestra sobre execu\u00e7\u00e3o no FT Campinas"},"content":{"rendered":"<p><span>Ju\u00edza L\u00facia Zimmermann palestra sobre execu\u00e7\u00e3o no FT Campinas <\/span><\/p>\n<div>  <a href=\"https:\/\/trt15.jus.br\/noticia\/2025\/juiza-lucia-zimmermann-palestra-sobre-execucao-no-ft-campinas\"><\/a>\n<\/div>\n<p><span><span>marianaaassuncao<\/span><\/span><\/p>\n<p><span>Sex, 12\/09\/2025 &#8211; 17:04<\/span><\/p>\n<div>\n<div>Ju\u00edza L\u00facia Zimmermann palestra sobre execu\u00e7\u00e3o no FT Campinas <\/div>\n<\/div>\n<div>\n<div class=\"visually-hidden\">Conte\u00fado da Not\u00edcia<\/div>\n<div>\n<p>A ju\u00edza auxiliar da Corregedoria e coordenadora de Pesquisa Patrimonial do Tribunal Regional do Trabalho da 15\u00aa Regi\u00e3o, L\u00facia Zimmermann, ministrou no F\u00f3rum Trabalhista de Campinas, na manh\u00e3 desta sexta-feira, 12\/9, a palestra \u201cGest\u00e3o de Vara na Execu\u00e7\u00e3o Trabalhista: \u00edndices, produtividade e perspectivas\u201d. Organizado pela ju\u00edza Marina de Siqueira Ferreira Zerbinatti, titular da 3\u00aa VT de Campinas e representante da Ejud-15 na Circunscri\u00e7\u00e3o local, o evento contou com a presen\u00e7a da presidente da Corte, desembargadora Ana Paula Pellegrina Lockmann, al\u00e9m das desembargadoras Gisela Rodrigues Magalh\u00e3es de Araujo e Moraes e Ana Amarylis Vivacqua de Oliveira Gulla, ju\u00edzes titulares e substitutos, incluindo os auxiliares da Presid\u00eancia Daniela Macia Ferraz Giannini e S\u00e9rgio Polastro Ribeiro, e servidores (oficiais de justi\u00e7a, gestores e auxiliares de audi\u00eancia), somando cerca de 50 pessoas.\u00a0<\/p>\n\n<p>Em aproximadamente 1h30 de palestra, a ju\u00edza L\u00facia Zimmermann abordou temas como a estrutura da execu\u00e7\u00e3o no TRT-15, taxa de congestionamento l\u00edquida e sua repercuss\u00e3o na execu\u00e7\u00e3o trabalhista, \u00cdndice Nacional de Gest\u00e3o do Desempenho da Justi\u00e7a do Trabalho (Igest) desenvolvido pela CGJT como ferramenta que contribui para o aprimoramento da gest\u00e3o das Varas do Trabalho. Tamb\u00e9m apresentou uma an\u00e1lise dos \u00edndices relevantes do e-Gest\u00e3o para que se possa identificar os entraves processuais e, com base nesse diagn\u00f3stico, evitar o congestionamento frequente da execu\u00e7\u00e3o trabalhista. Por fim, a magistrada falou da execu\u00e7\u00e3o trabalhista no contexto das secretarias conjuntas e suas principais otimiza\u00e7\u00f5es.\u00a0<\/p>\n<p>A ju\u00edza Marina Siqueira Ferreira Zerbinatti ressaltou a import\u00e2ncia do tema da palestra, por tratar da execu\u00e7\u00e3o, na semana da Maratona da Pesquisa Patrimonial realizada pela Coordenadoria de Pesquisa Patrimonial, v\u00e9spera da Semana Nacional da Efetividade de Execu\u00e7\u00e3o Trabalhista, que se inicia na segunda-feira, 15\/9. A magistrada afirmou que a palestra integra o programa \u201cEjud-15 na Circunscri\u00e7\u00e3o\u201d, e o tema abordado \u00e9 fruto de uma pesquisa realizada com magistrados e servidores da Circunscri\u00e7\u00e3o de Campinas, e tamb\u00e9m foi apresentado recentemente aos gestores nacionais da Execu\u00e7\u00e3o, no Tribunal Superior do\u00a0Trabalho\u00a0(TST).<\/p>\n<\/div><\/div>\n<div>\n<div>Unidade Respons\u00e1vel:<\/div>\n<div>Comunica\u00e7\u00e3o Social<\/div>\n<\/div>\n<div>Sex, 12\/09\/2025 &#8211; 17:04<\/div>\n<p>      <span class=\"a2a_kit a2a_kit_size_16 addtoany_list\"><a class=\"a2a_dd addtoany_share\" href=\"https:\/\/www.addtoany.com\/share#url=https%3A%2F%2Ftrt15.jus.br%2Fnoticia%2F2025%2Fjuiza-lucia-zimmermann-palestra-sobre-execucao-no-ft-campinas&amp;title=Ju%C3%ADza%20L%C3%BAcia%20Zimmermann%20palestra%20sobre%20execu%C3%A7%C3%A3o%20no%20FT%20Campinas%20\"><\/a><a class=\"a2a_button_whatsapp\"><\/a><a class=\"a2a_button_google_gmail\"><\/a><a class=\"a2a_button_twitter\"><\/a><a class=\"a2a_button_facebook\"><\/a><a class=\"a2a_button_linkedin\"><\/a><\/span><\/p>","protected":false},"excerpt":{"rendered":"<p>Ju\u00edza L\u00facia Zimmermann palestra sobre execu\u00e7\u00e3o no FT Campinas marianaaassuncao Sex, 12\/09\/2025 &#8211; 17:04 Ju\u00edza L\u00facia Zimmermann palestra sobre execu\u00e7\u00e3o no FT Campinas Conte\u00fado da Not\u00edcia A ju\u00edza auxiliar da Corregedoria e coordenadora de Pesquisa Patrimonial do Tribunal Regional do Trabalho da 15\u00aa Regi\u00e3o, L\u00facia Zimmermann, ministrou no F\u00f3rum Trabalhista de Campinas, na manh\u00e3 desta [&hellip;]<\/p>\n","protected":false},"author":0,"featured_media":14372,"comment_status":"open","ping_status":"open","sticky":false,"template":"","format":"standard","meta":[],"categories":[1],"tags":[],"_links":{"self":[{"href":"https:\/\/aprimora.site\/carvalhoalmeidaadvogados\/wp-json\/wp\/v2\/posts\/14371"}],"collection":[{"href":"https:\/\/aprimora.site\/carvalhoalmeidaadvogados\/wp-json\/wp\/v2\/posts"}],"about":[{"href":"https:\/\/aprimora.site\/carvalhoalmeidaadvogados\/wp-json\/wp\/v2\/types\/post"}],"replies":[{"embeddable":true,"href":"https:\/\/aprimora.site\/carvalhoalmeidaadvogados\/wp-json\/wp\/v2\/comments?post=14371"}],"version-history":[{"count":0,"href":"https:\/\/aprimora.site\/carvalhoalmeidaadvogados\/wp-json\/wp\/v2\/posts\/14371\/revisions"}],"wp:featuredmedia":[{"embeddable":true,"href":"https:\/\/aprimora.site\/carvalhoalmeidaadvogados\/wp-json\/wp\/v2\/media\/14372"}],"wp:attachment":[{"href":"https:\/\/aprimora.site\/carvalhoalmeidaadvogados\/wp-json\/wp\/v2\/media?parent=14371"}],"wp:term":[{"taxonomy":"category","embeddable":true,"href":"https:\/\/aprimora.site\/carvalhoalmeidaadvogados\/wp-json\/wp\/v2\/categories?post=14371"},{"taxonomy":"post_tag","embeddable":true,"href":"https:\/\/aprimora.site\/carvalhoalmeidaadvogados\/wp-json\/wp\/v2\/tags?post=14371"}],"curies":[{"name":"wp","href":"https:\/\/api.w.org\/{rel}","templated":true}]}}