{"id":14365,"date":"2025-09-12T17:44:08","date_gmt":"2025-09-12T20:44:08","guid":{"rendered":"https:\/\/aprimora.site\/carvalhoalmeidaadvogados\/?p=14365"},"modified":"2025-09-12T17:44:08","modified_gmt":"2025-09-12T20:44:08","slug":"membros-do-trt-15-sao-agraciados-com-comendas-do-trt-2","status":"publish","type":"post","link":"https:\/\/aprimora.site\/carvalhoalmeidaadvogados\/2025\/09\/12\/membros-do-trt-15-sao-agraciados-com-comendas-do-trt-2\/","title":{"rendered":"Membros do TRT-15 s\u00e3o agraciados com comendas do TRT-2"},"content":{"rendered":"<p><span>Membros do TRT-15 s\u00e3o agraciados com comendas do TRT-2<\/span><\/p>\n<div>  <a href=\"https:\/\/trt15.jus.br\/noticia\/2025\/membros-do-trt-15-sao-agraciados-com-comendas-do-trt-2\"><\/a>\n<\/div>\n<p><span><span>marianaaassuncao<\/span><\/span><\/p>\n<p><span>Sex, 12\/09\/2025 &#8211; 14:44<\/span><\/p>\n<div>\n<div>Membros do TRT-15 s\u00e3o agraciados com comendas do TRT-2<\/div>\n<\/div>\n<div>\n<div class=\"visually-hidden\">Conte\u00fado da Not\u00edcia<\/div>\n<div>\n<p>A presidente do Tribunal Regional do Trabalho da 15\u00aa Regi\u00e3o, desembargadora Ana Paula Pellegrina Lockmann, recebeu na tarde desta quinta-feira, 11\/9, em solenidade promovida pelo TRT-2, a Comenda Gr\u00e3-Cruz da Ordem do M\u00e9rito Judici\u00e1rio do Trabalho da 2\u00aa Regi\u00e3o. Tamb\u00e9m foram agraciados, com a Comenda Grande-Oficial, o vice-presidente administrativo, o vice-presidente judicial e o corregedor do TRT-15, respectivamente os desembargadores Helcio Dantas Lobo Junior, Wilton Borba Canicoba e Renan Ravel Rodrigues Fagundes. O juiz da 15\u00aa Guilherme Guimar\u00e3es Feliciano, conselheiro do Conselho Nacional de Justi\u00e7a (CNJ), tamb\u00e9m integrou o quadro de magistrados do TRT-15 que receberam a honraria do TRT-2, com a Comenda Grande-Oficial.<\/p>\n<p>A cerim\u00f4nia da 13\u00aa Comenda da Ordem do M\u00e9rito Judici\u00e1rio do Trabalho da 2\u00aa Regi\u00e3o \u2013 2025 foi realizada no Sal\u00e3o Nobre do edif\u00edcio-sede do TRT-2, em S\u00e3o Paulo, e reuniu diversas autoridades e convidados, entre eles o ouvidor do TRT-15, desembargador Edmundo Fraga Lopes, que prestigiou\u00a0o\u00a0evento.<\/p>\n\n<\/div><\/div>\n<div>\n<div>Unidade Respons\u00e1vel:<\/div>\n<div>Comunica\u00e7\u00e3o Social<\/div>\n<\/div>\n<div>Sex, 12\/09\/2025 &#8211; 14:44<\/div>\n<p>      <span class=\"a2a_kit a2a_kit_size_16 addtoany_list\"><a class=\"a2a_dd addtoany_share\" href=\"https:\/\/www.addtoany.com\/share#url=https%3A%2F%2Ftrt15.jus.br%2Fnoticia%2F2025%2Fmembros-do-trt-15-sao-agraciados-com-comendas-do-trt-2&amp;title=Membros%20do%20TRT-15%20s%C3%A3o%20agraciados%20com%20comendas%20do%20TRT-2\"><\/a><a class=\"a2a_button_whatsapp\"><\/a><a class=\"a2a_button_google_gmail\"><\/a><a class=\"a2a_button_twitter\"><\/a><a class=\"a2a_button_facebook\"><\/a><a class=\"a2a_button_linkedin\"><\/a><\/span><\/p>","protected":false},"excerpt":{"rendered":"<p>Membros do TRT-15 s\u00e3o agraciados com comendas do TRT-2 marianaaassuncao Sex, 12\/09\/2025 &#8211; 14:44 Membros do TRT-15 s\u00e3o agraciados com comendas do TRT-2 Conte\u00fado da Not\u00edcia A presidente do Tribunal Regional do Trabalho da 15\u00aa Regi\u00e3o, desembargadora Ana Paula Pellegrina Lockmann, recebeu na tarde desta quinta-feira, 11\/9, em solenidade promovida pelo TRT-2, a Comenda Gr\u00e3-Cruz [&hellip;]<\/p>\n","protected":false},"author":0,"featured_media":14366,"comment_status":"open","ping_status":"open","sticky":false,"template":"","format":"standard","meta":[],"categories":[1],"tags":[],"_links":{"self":[{"href":"https:\/\/aprimora.site\/carvalhoalmeidaadvogados\/wp-json\/wp\/v2\/posts\/14365"}],"collection":[{"href":"https:\/\/aprimora.site\/carvalhoalmeidaadvogados\/wp-json\/wp\/v2\/posts"}],"about":[{"href":"https:\/\/aprimora.site\/carvalhoalmeidaadvogados\/wp-json\/wp\/v2\/types\/post"}],"replies":[{"embeddable":true,"href":"https:\/\/aprimora.site\/carvalhoalmeidaadvogados\/wp-json\/wp\/v2\/comments?post=14365"}],"version-history":[{"count":0,"href":"https:\/\/aprimora.site\/carvalhoalmeidaadvogados\/wp-json\/wp\/v2\/posts\/14365\/revisions"}],"wp:featuredmedia":[{"embeddable":true,"href":"https:\/\/aprimora.site\/carvalhoalmeidaadvogados\/wp-json\/wp\/v2\/media\/14366"}],"wp:attachment":[{"href":"https:\/\/aprimora.site\/carvalhoalmeidaadvogados\/wp-json\/wp\/v2\/media?parent=14365"}],"wp:term":[{"taxonomy":"category","embeddable":true,"href":"https:\/\/aprimora.site\/carvalhoalmeidaadvogados\/wp-json\/wp\/v2\/categories?post=14365"},{"taxonomy":"post_tag","embeddable":true,"href":"https:\/\/aprimora.site\/carvalhoalmeidaadvogados\/wp-json\/wp\/v2\/tags?post=14365"}],"curies":[{"name":"wp","href":"https:\/\/api.w.org\/{rel}","templated":true}]}}