{"id":14361,"date":"2025-09-12T15:19:57","date_gmt":"2025-09-12T18:19:57","guid":{"rendered":"https:\/\/aprimora.site\/carvalhoalmeidaadvogados\/?p=14361"},"modified":"2025-09-12T15:19:57","modified_gmt":"2025-09-12T18:19:57","slug":"trt-15-realiza-oficina-formativa-sobre-procedimentos-para-formacao-de-precedentes-qualificados","status":"publish","type":"post","link":"https:\/\/aprimora.site\/carvalhoalmeidaadvogados\/2025\/09\/12\/trt-15-realiza-oficina-formativa-sobre-procedimentos-para-formacao-de-precedentes-qualificados\/","title":{"rendered":"TRT-15 realiza oficina formativa sobre procedimentos para forma\u00e7\u00e3o de precedentes qualificados"},"content":{"rendered":"<p><span>TRT-15 realiza oficina formativa sobre procedimentos para forma\u00e7\u00e3o de precedentes qualificados<\/span><\/p>\n<div>  <a href=\"https:\/\/trt15.jus.br\/noticia\/2025\/trt-15-realiza-oficina-formativa-sobre-procedimentos-para-formacao-de-precedentes\"><\/a>\n<\/div>\n<p><span><span>marianaaassuncao<\/span><\/span><\/p>\n<p><span>Sex, 12\/09\/2025 &#8211; 12:19<\/span><\/p>\n<div>\n<div>TRT-15 realiza oficina formativa sobre procedimentos para forma\u00e7\u00e3o de precedentes qualificados<\/div>\n<\/div>\n<div>\n<div class=\"visually-hidden\">Conte\u00fado da Not\u00edcia<\/div>\n<div>\n<p>Na manh\u00e3 da \u00faltima quarta-feira, 10\/9, o Tribunal Regional do Trabalho da 15\u00aa Regi\u00e3o promoveu a oficina formativa \u201cProcedimentos para forma\u00e7\u00e3o de precedentes qualificados\u201d. O evento, realizado presencialmente na Escola Judicial da Corte, teve dura\u00e7\u00e3o de duas horas e reuniu 24 servidores com atua\u00e7\u00e3o na \u00e1rea jur\u00eddica dos gabinetes que comp\u00f5em a Se\u00e7\u00e3o de Uniformiza\u00e7\u00e3o de Jurisprud\u00eancia (SUJ). A capacita\u00e7\u00e3o teve como objetivo fortalecer o conhecimento dos participantes sobre o novo sistema obrigat\u00f3rio de precedentes.<\/p>\n<p>A ju\u00edza auxiliar da Vice-Presid\u00eancia Judicial, Ana Claudia Pires Ferreira de Lima, abriu a oficina, que foi conduzida pelo servidor Carlos Alberto de Oliveira, assessor-chefe do vice-presidente judicial, desembargador Wilton Borba Canicoba, e membro do Subgrupo Tem\u00e1tico do Sistema de Precedentes.<\/p>\n\n<p>O treinamento abordou conceitos fundamentais sobre precedentes judiciais, o procedimento de reafirma\u00e7\u00e3o de jurisprud\u00eancia e o papel dos gabinetes na identifica\u00e7\u00e3o de temas e causas-piloto para a uniformiza\u00e7\u00e3o da jurisprud\u00eancia. Al\u00e9m do conte\u00fado te\u00f3rico, os participantes realizaram exerc\u00edcios pr\u00e1ticos voltados para a aplica\u00e7\u00e3o das diretrizes no sistema PJe, visando garantir a uniformidade, estabilidade e coer\u00eancia das decis\u00f5es judiciais.<\/p>\n<p>A iniciativa refor\u00e7a o compromisso do TRT-15 com a implementa\u00e7\u00e3o das normativas internas que regulam a uniformiza\u00e7\u00e3o da jurisprud\u00eancia, especialmente ap\u00f3s a cria\u00e7\u00e3o da SUJ e a regulamenta\u00e7\u00e3o de procedimentos simplificados por meio do Assento Regimental n\u00ba 3\/2025 e da Resolu\u00e7\u00e3o Administrativa n\u00ba 014\/2025.<\/p>\n<p>Al\u00e9m de qualificar os servidores para atuarem de forma eficiente dentro desse novo cen\u00e1rio processual, a oficina \u00e9 parte integrante do esfor\u00e7o do Tribunal para cumprir os crit\u00e9rios exigidos pelo \u201cSelo Tribunal Pacificador\u201d, institu\u00eddo pelo Ato Conjunto TST.CSJT.GP n\u00ba 45\/2025, que valoriza a capacita\u00e7\u00e3o cont\u00ednua em temas de precedentes.<\/p>\n<p>\u201cCom essa forma\u00e7\u00e3o, o TRT da 15\u00aa Regi\u00e3o d\u00e1 mais um passo significativo para consolidar sua jurisprud\u00eancia e aprimorar a presta\u00e7\u00e3o jurisdicional\u201d, afirmou o desembargador Wilton Canicoba, destacando, ainda, que \u201ca capacita\u00e7\u00e3o dos servidores \u00e9 uma pe\u00e7a-chave para alcan\u00e7ar a uniformidade e a seguran\u00e7a jur\u00eddica que a sociedade espera da Justi\u00e7a\u00a0do\u00a0Trabalho\u201d.<\/p>\n<\/div><\/div>\n<div>\n<div>Unidade Respons\u00e1vel:<\/div>\n<div>Comunica\u00e7\u00e3o Social<\/div>\n<\/div>\n<div>Sex, 12\/09\/2025 &#8211; 12:19<\/div>\n<p>      <span class=\"a2a_kit a2a_kit_size_16 addtoany_list\"><a class=\"a2a_dd addtoany_share\" href=\"https:\/\/www.addtoany.com\/share#url=https%3A%2F%2Ftrt15.jus.br%2Fnoticia%2F2025%2Ftrt-15-realiza-oficina-formativa-sobre-procedimentos-para-formacao-de-precedentes&amp;title=TRT-15%20realiza%20oficina%20formativa%20sobre%20procedimentos%20para%20forma%C3%A7%C3%A3o%20de%20precedentes%20qualificados\"><\/a><a class=\"a2a_button_whatsapp\"><\/a><a class=\"a2a_button_google_gmail\"><\/a><a class=\"a2a_button_twitter\"><\/a><a class=\"a2a_button_facebook\"><\/a><a class=\"a2a_button_linkedin\"><\/a><\/span><\/p>","protected":false},"excerpt":{"rendered":"<p>TRT-15 realiza oficina formativa sobre procedimentos para forma\u00e7\u00e3o de precedentes qualificados marianaaassuncao Sex, 12\/09\/2025 &#8211; 12:19 TRT-15 realiza oficina formativa sobre procedimentos para forma\u00e7\u00e3o de precedentes qualificados Conte\u00fado da Not\u00edcia Na manh\u00e3 da \u00faltima quarta-feira, 10\/9, o Tribunal Regional do Trabalho da 15\u00aa Regi\u00e3o promoveu a oficina formativa \u201cProcedimentos para forma\u00e7\u00e3o de precedentes qualificados\u201d. O [&hellip;]<\/p>\n","protected":false},"author":0,"featured_media":14362,"comment_status":"open","ping_status":"open","sticky":false,"template":"","format":"standard","meta":[],"categories":[1],"tags":[],"_links":{"self":[{"href":"https:\/\/aprimora.site\/carvalhoalmeidaadvogados\/wp-json\/wp\/v2\/posts\/14361"}],"collection":[{"href":"https:\/\/aprimora.site\/carvalhoalmeidaadvogados\/wp-json\/wp\/v2\/posts"}],"about":[{"href":"https:\/\/aprimora.site\/carvalhoalmeidaadvogados\/wp-json\/wp\/v2\/types\/post"}],"replies":[{"embeddable":true,"href":"https:\/\/aprimora.site\/carvalhoalmeidaadvogados\/wp-json\/wp\/v2\/comments?post=14361"}],"version-history":[{"count":0,"href":"https:\/\/aprimora.site\/carvalhoalmeidaadvogados\/wp-json\/wp\/v2\/posts\/14361\/revisions"}],"wp:featuredmedia":[{"embeddable":true,"href":"https:\/\/aprimora.site\/carvalhoalmeidaadvogados\/wp-json\/wp\/v2\/media\/14362"}],"wp:attachment":[{"href":"https:\/\/aprimora.site\/carvalhoalmeidaadvogados\/wp-json\/wp\/v2\/media?parent=14361"}],"wp:term":[{"taxonomy":"category","embeddable":true,"href":"https:\/\/aprimora.site\/carvalhoalmeidaadvogados\/wp-json\/wp\/v2\/categories?post=14361"},{"taxonomy":"post_tag","embeddable":true,"href":"https:\/\/aprimora.site\/carvalhoalmeidaadvogados\/wp-json\/wp\/v2\/tags?post=14361"}],"curies":[{"name":"wp","href":"https:\/\/api.w.org\/{rel}","templated":true}]}}