{"id":14211,"date":"2025-09-08T17:18:10","date_gmt":"2025-09-08T20:18:10","guid":{"rendered":"https:\/\/aprimora.site\/carvalhoalmeidaadvogados\/2025\/09\/08\/congresso-stj-da-segunda-instancia-federal-e-estadual-comeca-nesta-segunda-8-com-transmissao-ao-vivo\/"},"modified":"2025-09-08T17:18:10","modified_gmt":"2025-09-08T20:18:10","slug":"congresso-stj-da-segunda-instancia-federal-e-estadual-comeca-nesta-segunda-8-com-transmissao-ao-vivo","status":"publish","type":"post","link":"https:\/\/aprimora.site\/carvalhoalmeidaadvogados\/2025\/09\/08\/congresso-stj-da-segunda-instancia-federal-e-estadual-comeca-nesta-segunda-8-com-transmissao-ao-vivo\/","title":{"rendered":"Congresso STJ da Segunda Inst\u00e2ncia Federal e Estadual come\u00e7a nesta segunda (8), com transmiss\u00e3o ao vivo"},"content":{"rendered":"<p>Congresso STJ da Segunda Inst\u00e2ncia Federal e Estadual come\u00e7a nesta segunda (8), com transmiss\u00e3o ao vivo<\/p>","protected":false},"excerpt":{"rendered":"<p>Congresso STJ da Segunda Inst\u00e2ncia Federal e Estadual come\u00e7a nesta segunda (8), com transmiss\u00e3o ao vivo<\/p>\n","protected":false},"author":0,"featured_media":0,"comment_status":"open","ping_status":"open","sticky":false,"template":"","format":"standard","meta":[],"categories":[1],"tags":[],"_links":{"self":[{"href":"https:\/\/aprimora.site\/carvalhoalmeidaadvogados\/wp-json\/wp\/v2\/posts\/14211"}],"collection":[{"href":"https:\/\/aprimora.site\/carvalhoalmeidaadvogados\/wp-json\/wp\/v2\/posts"}],"about":[{"href":"https:\/\/aprimora.site\/carvalhoalmeidaadvogados\/wp-json\/wp\/v2\/types\/post"}],"replies":[{"embeddable":true,"href":"https:\/\/aprimora.site\/carvalhoalmeidaadvogados\/wp-json\/wp\/v2\/comments?post=14211"}],"version-history":[{"count":0,"href":"https:\/\/aprimora.site\/carvalhoalmeidaadvogados\/wp-json\/wp\/v2\/posts\/14211\/revisions"}],"wp:attachment":[{"href":"https:\/\/aprimora.site\/carvalhoalmeidaadvogados\/wp-json\/wp\/v2\/media?parent=14211"}],"wp:term":[{"taxonomy":"category","embeddable":true,"href":"https:\/\/aprimora.site\/carvalhoalmeidaadvogados\/wp-json\/wp\/v2\/categories?post=14211"},{"taxonomy":"post_tag","embeddable":true,"href":"https:\/\/aprimora.site\/carvalhoalmeidaadvogados\/wp-json\/wp\/v2\/tags?post=14211"}],"curies":[{"name":"wp","href":"https:\/\/api.w.org\/{rel}","templated":true}]}}