{"id":14180,"date":"2025-09-07T06:04:17","date_gmt":"2025-09-07T09:04:17","guid":{"rendered":"https:\/\/aprimora.site\/carvalhoalmeidaadvogados\/2025\/09\/07\/responsabilidade-juridica-das-plataformas-na-intermediacao-do-trabalho-de-entregadores\/"},"modified":"2025-09-07T06:04:17","modified_gmt":"2025-09-07T09:04:17","slug":"responsabilidade-juridica-das-plataformas-na-intermediacao-do-trabalho-de-entregadores","status":"publish","type":"post","link":"https:\/\/aprimora.site\/carvalhoalmeidaadvogados\/2025\/09\/07\/responsabilidade-juridica-das-plataformas-na-intermediacao-do-trabalho-de-entregadores\/","title":{"rendered":"Responsabilidade jur\u00eddica das plataformas na intermedia\u00e7\u00e3o do trabalho de entregadores"},"content":{"rendered":"<p>O <a href=\"https:\/\/www.jota.info\/tudo-sobre\/Direito%20do%20Trabalho\">Direito do Trabalho<\/a> atua como ferramenta civilizat\u00f3ria para equalizar a assimetria na rela\u00e7\u00e3o entre capital e trabalho, impondo um patamar m\u00ednimo de dignidade fundado nos princ\u00edpios da dignidade da pessoa humana (art. 1\u00ba, III, CF\/88), nos valores sociais do trabalho (art. 1\u00ba, IV, CF\/88) e na fun\u00e7\u00e3o social da propriedade e do contrato (arts. 5\u00ba, XXIII, e 170, III, CF\/88).<\/p>\n<p>Contudo, uma ardilosa engenharia jur\u00eddica tem utilizado inova\u00e7\u00f5es tecnol\u00f3gicas e terminol\u00f3gicas, como \u201cparceria\u201d e \u201ceconomia compartilhada\u201d, para elidir a incid\u00eancia da legisla\u00e7\u00e3o protetiva e perpetuar a precariza\u00e7\u00e3o do trabalho. Nesse contexto, o modelo de neg\u00f3cio das plataformas digitais, especificamente o iFood, que utiliza Operadores Log\u00edsticos (OLs) para gerenciar entregadores, representa um caso emblem\u00e1tico que demanda rigorosa an\u00e1lise jur\u00eddica.<\/p>\n<h3><a href=\"https:\/\/conteudo.jota.info\/marketing-lp-conversao-jota-pro-trabalhista?utm_source=site&amp;utm_medium=lp&amp;utm_campaign=11-03-2025-site-lp-cta-pro-trabalhista-lead-site-audiencias-trabalhista&amp;utm_content=site-lp-cta-pro-trabalhista-lead-site-trabalhista&amp;utm_term=audiencias\">Conhe\u00e7a o <span class=\"jota\">JOTA<\/span> PRO Trabalhista, solu\u00e7\u00e3o corporativa que antecipa as movimenta\u00e7\u00f5es trabalhistas no Judici\u00e1rio, Legislativo e Executivo<\/a><\/h3>\n<p>A discuss\u00e3o central n\u00e3o reside no modelo de contrata\u00e7\u00e3o direta pela plataforma, conhecido como Nuvem, cuja natureza jur\u00eddica aguarda defini\u00e7\u00e3o pelo <a href=\"https:\/\/www.jota.info\/tudo-sobre\/STF\">Supremo Tribunal Federal<\/a> no <a href=\"https:\/\/portal.stf.jus.br\/processos\/detalhe.asp?incidente=6679823\">Recurso Extraordin\u00e1rio (RE) 1.446.336 (Tema 1291)<\/a>, mas na estrutura que envolve os Operadores Log\u00edsticos. Nesse arranjo, a plataforma firma um contrato de \u201cintermedia\u00e7\u00e3o\u201d com uma empresa terceira (o OL), que aloca entregadores em locais e hor\u00e1rios de alta demanda definidos pela plataforma.<\/p>\n<p>A quest\u00e3o a ser respondida \u00e9 se a plataforma, ao se beneficiar desse trabalho, possui responsabilidade sobre os cr\u00e9ditos trabalhistas na hip\u00f3tese de reconhecimento do <a href=\"https:\/\/www.jota.info\/tudo-sobre\/v%C3%ADnculo%20empregat%C3%ADcio\">v\u00ednculo empregat\u00edcio<\/a> entre o entregador e o Operador Log\u00edstico, especialmente diante de decis\u00f5es judiciais que a isentam com base na premissa de uma rela\u00e7\u00e3o jur\u00eddica de \u00edndole meramente comercial.<\/p>\n<p>A defesa das plataformas assenta-se na premissa de duas rela\u00e7\u00f5es jur\u00eddicas aut\u00f4nomas: uma, de natureza civil-comercial, entre a plataforma e o OL; outra, de emprego, entre o OL e o entregador. Tal constru\u00e7\u00e3o, no entanto, n\u00e3o resiste \u00e0 aplica\u00e7\u00e3o do princ\u00edpio da primazia da realidade sobre a forma, norteador do Direito do Trabalho e positivado no art. 9\u00ba da CLT.<\/p>\n<p>A an\u00e1lise f\u00e1tica revela que o Operador Log\u00edstico n\u00e3o \u00e9 um parceiro comercial aut\u00f4nomo com carteira de clientes diversificada; ao contr\u00e1rio, funciona como uma entidade interposta, desprovida de autonomia econ\u00f4mica e gerencial, criada com o prop\u00f3sito principal de servir como mero escudo patrimonial para a plataforma, absorvendo o passivo trabalhista e isolando o n\u00facleo do poder econ\u00f4mico. Trata-se, em verdade, de manifesta fraude \u00e0 legisla\u00e7\u00e3o trabalhista por interposta pessoa, destinada a frustrar a aplica\u00e7\u00e3o da legisla\u00e7\u00e3o protetiva.<\/p>\n<p>A an\u00e1lise do \u201cContrato de Intermedia\u00e7\u00e3o\u201d firmado entre a plataforma e o OL revela a fal\u00e1cia dessa autonomia. Cl\u00e1usulas que obrigam o OL a executar as entregas nos \u201cmoldes\u201d e a submeter os entregadores a \u201ctreinamentos\u201d definidos pela plataforma demonstram um controle sobre o modo de execu\u00e7\u00e3o do servi\u00e7o, e n\u00e3o a mera aquisi\u00e7\u00e3o de um resultado, caracterizando inger\u00eancia direta na forma de execu\u00e7\u00e3o do servi\u00e7o.<\/p>\n<p>Por outro lado, a previs\u00e3o de que a plataforma pode \u201cpenalizar\u201d o OL por descumprimento dos n\u00edveis de servi\u00e7o exigidos revela o exerc\u00edcio do poder diretivo e disciplinar, t\u00edpico de uma rela\u00e7\u00e3o hierarquizada, e n\u00e3o a resolu\u00e7\u00e3o de um contrato civil entre pares.<\/p>\n<p>De forma crucial, a cl\u00e1usula que outorga \u00e0 plataforma o poder de exigir documentos e reter pagamentos para garantir o cumprimento das obriga\u00e7\u00f5es trabalhistas pelo OL configura, em si, uma confiss\u00e3o contratual de sua posi\u00e7\u00e3o como garante final das obriga\u00e7\u00f5es, ao se reservar um poder-dever fiscalizat\u00f3rio. Ao se reservar esse poder e, posteriormente, falhar em exerc\u00ea-lo de modo eficaz, a plataforma materializa sua <em>culpa in vigilando<\/em> de forma documentalmente provada.<\/p>\n<p>Para al\u00e9m da realidade f\u00e1tica, a tese de irresponsabilidade ignora o arcabou\u00e7o normativo aplic\u00e1vel. A <a href=\"https:\/\/www.planalto.gov.br\/ccivil_03\/_ato2007-2010\/2009\/lei\/l12009.htm\">Lei 12.009\/2009 (Lei do Motofrete)<\/a> \u00e9 taxativa ao se referir \u00e0quele que \u201cfirmar contrato de presta\u00e7\u00e3o continuada de servi\u00e7o com condutor de moto-frete\u201d. A rela\u00e7\u00e3o estabelecida pela plataforma, que depende da disponibilidade ininterrupta de entregadores gerenciados pelo OL, enquadra-se a essa hip\u00f3tese normativa. A referida lei estabelece, em seus artigos 6\u00ba e 7\u00ba, a responsabilidade da contratante dos servi\u00e7os, sujeitando-a inclusive a san\u00e7\u00f5es trabalhistas.<\/p>\n<p>Adicionalmente, a jurisprud\u00eancia pacificada do <a href=\"https:\/\/www.jota.info\/tudo-sobre\/TST\">Tribunal Superior do Trabalho<\/a>, consolidada na <a href=\"https:\/\/www3.tst.jus.br\/jurisprudencia\/Sumulas_com_indice\/Sumulas_Ind_301_350.html\">S\u00famula 331<\/a>, oferece fundamento para a responsabiliza\u00e7\u00e3o subsidi\u00e1ria, tratando a plataforma como tomadora de servi\u00e7os que se beneficiou do trabalho prestado por meio de uma empresa interposta, cuja inadimpl\u00eancia atrai o dever de repara\u00e7\u00e3o.<\/p>\n<p>A abstra\u00e7\u00e3o dessas teses jur\u00eddicas contrasta com a realidade vivida pelos trabalhadores. Situa\u00e7\u00f5es corriqueiras, como a de entregadores acidentados, sem registro em carteira de trabalho e desprovidos de qualquer amparo previdenci\u00e1rio, ilustram o dano concreto e a vulnerabilidade extrema gerados por essa engenharia contratual.<\/p>\n<p>A fic\u00e7\u00e3o jur\u00eddica que isola a plataforma da rela\u00e7\u00e3o de trabalho n\u00e3o protege o trabalhador; ao contr\u00e1rio, o exp\u00f5e ao desamparo absoluto diante do infort\u00fanio, negando-lhe o acesso aos direitos sociais trabalhistas e previdenci\u00e1rios mais basilares, que conformam o m\u00ednimo existencial do trabalhador (arts. 6\u00ba e 7\u00ba, da CF\/88).<\/p>\n<h3><a href=\"https:\/\/conteudo.jota.info\/cadastro-em-newsletter-saideira-jota-pro-trabalhista\">Receba gratuitamente no seu email as principais not\u00edcias sobre o Direito do Trabalho<\/a><\/h3>\n<p>Mesmo que se admitisse, a t\u00edtulo de argumenta\u00e7\u00e3o, a natureza puramente civil do contrato entre a plataforma e o OL, a responsabilidade da empresa digital permaneceria. Os princ\u00edpios da fun\u00e7\u00e3o social do contrato e da boa-f\u00e9 objetiva (arts. 421 e 422 do C\u00f3digo Civil) imp\u00f5em deveres de prote\u00e7\u00e3o a terceiros afetados pela rela\u00e7\u00e3o contratual.<\/p>\n<p>Ao prever em contrato seu poder de fiscaliza\u00e7\u00e3o sobre as obriga\u00e7\u00f5es trabalhistas da contratada e se omitir, a plataforma viola esses deveres anexos, consubstanciando, ainda, o abuso de direito, na modalidade de ato il\u00edcito equiparado (art. 187 do C\u00f3digo Civil).<\/p>\n<p>Ademais, o paradigma global de devida dilig\u00eancia em direitos humanos, refletido nos Princ\u00edpios de Ruggie da ONU e internalizado no ordenamento p\u00e1trio (Portaria Interministerial MTE\/MDHC\/MIR 18\/2024), exige que as empresas previnam e remediem os impactos adversos de suas opera\u00e7\u00f5es. Estruturar um modelo de neg\u00f3cio que fomenta a precariza\u00e7\u00e3o e se apoia em intermedi\u00e1rios insolventes constitui uma falha manifesta nesse dever, atraindo a responsabilidade civil de reparar integralmente os danos causados, nos termos dos arts. 186, 187 e 927 do C\u00f3digo Civil.<\/p>\n<p>Embora a responsabiliza\u00e7\u00e3o subsidi\u00e1ria represente o patamar m\u00ednimo de prote\u00e7\u00e3o a ser garantido, uma an\u00e1lise mais aprofundada da estrutura do neg\u00f3cio revela que a solu\u00e7\u00e3o jur\u00eddica mais adequada \u00e9 a da responsabilidade solid\u00e1ria. A figura do Operador Log\u00edstico n\u00e3o representa uma terceiriza\u00e7\u00e3o l\u00edcita, mas um arranjo concebido com o prop\u00f3sito fraudulento de pulverizar a figura do empregador real e, assim, frustrar a aplica\u00e7\u00e3o da lei (art. 9\u00ba da CLT).<\/p>\n<p>A plataforma digital n\u00e3o atua como mera tomadora, mas como a verdadeira gestora e benefici\u00e1ria de toda a cadeia produtiva, controlando a tecnologia, a marca, os clientes e, em \u00faltima an\u00e1lise, as condi\u00e7\u00f5es de trabalho. Configura-se, assim, o grupo econ\u00f4mico por coordena\u00e7\u00e3o (art. 2\u00ba, \u00a7\u00a7 2\u00ba e 3\u00ba, da CLT), no qual empresas com personalidades jur\u00eddicas distintas atuam sob um comando f\u00e1tico unificado. A pr\u00f3pria Lei do Motofrete, ali\u00e1s, j\u00e1 aponta para a solidariedade.<\/p>\n<p>Portanto, reconhecer a responsabilidade solid\u00e1ria da plataforma \u00e9 a \u00fanica resposta jur\u00eddica que corresponde \u00e0 realidade econ\u00f4mica, impondo o custo real \u00e0 precariza\u00e7\u00e3o calculada e promovendo um efetivo desest\u00edmulo \u00e0 perpetua\u00e7\u00e3o de modelos de neg\u00f3cio que violam a ordem jur\u00eddica trabalhista.<\/p>","protected":false},"excerpt":{"rendered":"<p>O Direito do Trabalho atua como ferramenta civilizat\u00f3ria para equalizar a assimetria na rela\u00e7\u00e3o entre capital e trabalho, impondo um patamar m\u00ednimo de dignidade fundado nos princ\u00edpios da dignidade da pessoa humana (art. 1\u00ba, III, CF\/88), nos valores sociais do trabalho (art. 1\u00ba, IV, CF\/88) e na fun\u00e7\u00e3o social da propriedade e do contrato (arts. [&hellip;]<\/p>\n","protected":false},"author":0,"featured_media":0,"comment_status":"open","ping_status":"open","sticky":false,"template":"","format":"standard","meta":[],"categories":[1],"tags":[],"_links":{"self":[{"href":"https:\/\/aprimora.site\/carvalhoalmeidaadvogados\/wp-json\/wp\/v2\/posts\/14180"}],"collection":[{"href":"https:\/\/aprimora.site\/carvalhoalmeidaadvogados\/wp-json\/wp\/v2\/posts"}],"about":[{"href":"https:\/\/aprimora.site\/carvalhoalmeidaadvogados\/wp-json\/wp\/v2\/types\/post"}],"replies":[{"embeddable":true,"href":"https:\/\/aprimora.site\/carvalhoalmeidaadvogados\/wp-json\/wp\/v2\/comments?post=14180"}],"version-history":[{"count":0,"href":"https:\/\/aprimora.site\/carvalhoalmeidaadvogados\/wp-json\/wp\/v2\/posts\/14180\/revisions"}],"wp:attachment":[{"href":"https:\/\/aprimora.site\/carvalhoalmeidaadvogados\/wp-json\/wp\/v2\/media?parent=14180"}],"wp:term":[{"taxonomy":"category","embeddable":true,"href":"https:\/\/aprimora.site\/carvalhoalmeidaadvogados\/wp-json\/wp\/v2\/categories?post=14180"},{"taxonomy":"post_tag","embeddable":true,"href":"https:\/\/aprimora.site\/carvalhoalmeidaadvogados\/wp-json\/wp\/v2\/tags?post=14180"}],"curies":[{"name":"wp","href":"https:\/\/api.w.org\/{rel}","templated":true}]}}