{"id":14160,"date":"2025-09-05T17:58:46","date_gmt":"2025-09-05T20:58:46","guid":{"rendered":"https:\/\/aprimora.site\/carvalhoalmeidaadvogados\/2025\/09\/05\/justica-federal-concede-extensao-de-patente-da-liraglutida\/"},"modified":"2025-09-05T17:58:46","modified_gmt":"2025-09-05T20:58:46","slug":"justica-federal-concede-extensao-de-patente-da-liraglutida","status":"publish","type":"post","link":"https:\/\/aprimora.site\/carvalhoalmeidaadvogados\/2025\/09\/05\/justica-federal-concede-extensao-de-patente-da-liraglutida\/","title":{"rendered":"Justi\u00e7a Federal concede extens\u00e3o de patente da liraglutida"},"content":{"rendered":"<p>Decis\u00e3o do Tribunal Regional Federal da 1\u00aa Regi\u00e3o (<a href=\"https:\/\/www.jota.info\/tudo-sobre\/trf1\">TRF1<\/a>), publicada na quinta-feira (4\/9), concedeu extens\u00e3o de patente da liraglutida biol\u00f3gica (PI0410972-4). Este \u00e9 o princ\u00edpio ativo dos medicamentos Victoza e Saxenda, da farmac\u00eautica Novo Nordisk, refcomendados para tratar diabetes e obesidade. A decis\u00e3o adiciona ao prazo de validade original 8 anos, 5 meses e 1 dia \u00e0 exclusividade sobre o f\u00e1rmaco.<\/p>\n<h3><a href=\"https:\/\/www.jota.info\/produtos\/saude?utm_source=cta-site&amp;utm_medium=site&amp;utm_campaign=campanha_saude_q2&amp;utm_id=cta_texto_saude_q2_2023&amp;utm_term=cta_texto_saude&amp;utm_term=cta_texto_saude_meio_materias\"><span>Com not\u00edcias da Anvisa e da ANS, o <span class=\"jota\">JOTA<\/span> PRO Sa\u00fade entrega previsibilidade e transpar\u00eancia para empresas do setor<\/span><\/a><\/h3>\n<p>A senten\u00e7a ressalta atraso no processo administrativo do Instituto Nacional da Propriedade Industrial (INPI). De acordo com os autos, foram mais de 13 anos at\u00e9 a finaliza\u00e7\u00e3o da an\u00e1lise. Este prazo foi considerado desproporcional e injustificado.<\/p>\n<p>A Novo Nordisk tem pedido similar relacionado \u00e0 patente da semaglutida, dos medicamentos injet\u00e1veis Wegovy, Ozempic e Rybelsus. Esta a\u00e7\u00e3o est\u00e1 aguarda julgamento do Superior Tribunal de Justi\u00e7a (<a href=\"https:\/\/www.jota.info\/tudo-sobre\/stj\">STJ<\/a>), ainda sem data para pauta.\u00a0Ainda cabe recurso.<\/p>\n<h3>Precedente<\/h3>\n<p>A decis\u00e3o do TRF1 cita o precedente do Supremo Tribunal Federal (<a href=\"https:\/\/www.jota.info\/tudo-sobre\/stj\">STF<\/a>) na A\u00e7\u00e3o Direta de Inconstitucionalidade (ADI) 5.529, de 2021. De acordo com o texto, embora o STF tenha declarado inconstitucional o dispositivo legal que prorrogava automaticamente o prazo de patentes, houve uma ressalva quanto \u00e0 possibilidade de ajuste pontual em casos espec\u00edficos.<\/p>\n<p>Para a diretora jur\u00eddica da Novo Nordisk no Brasil, Ana Miriam Dias, a decis\u00e3o da Justi\u00e7a Federal reconhece que a demora excessiva na an\u00e1lise de patentes n\u00e3o pode penalizar a inova\u00e7\u00e3o. \u201cO que buscamos \u00e9 seguran\u00e7a jur\u00eddica para continuar investindo e trazendo ao Brasil os tratamentos mais modernos \u00e0 popula\u00e7\u00e3o como um todo. Um ambiente de previsibilidade \u00e9 fundamental n\u00e3o apenas para a ind\u00fastria farmac\u00eautica, mas para todo o ecossistema de inova\u00e7\u00e3o do pa\u00eds. Sem a garantia de que o direito \u00e0 patente ser\u00e1 respeitado e o exame ocorrer\u00e1 em um prazo razo\u00e1vel, o Brasil corre o risco de ficar para tr\u00e1s no acesso a novas tecnologias em sa\u00fade\u201d, afirma.<\/p>","protected":false},"excerpt":{"rendered":"<p>Decis\u00e3o do Tribunal Regional Federal da 1\u00aa Regi\u00e3o (TRF1), publicada na quinta-feira (4\/9), concedeu extens\u00e3o de patente da liraglutida biol\u00f3gica (PI0410972-4). Este \u00e9 o princ\u00edpio ativo dos medicamentos Victoza e Saxenda, da farmac\u00eautica Novo Nordisk, refcomendados para tratar diabetes e obesidade. A decis\u00e3o adiciona ao prazo de validade original 8 anos, 5 meses e 1 [&hellip;]<\/p>\n","protected":false},"author":0,"featured_media":0,"comment_status":"open","ping_status":"open","sticky":false,"template":"","format":"standard","meta":[],"categories":[1],"tags":[],"_links":{"self":[{"href":"https:\/\/aprimora.site\/carvalhoalmeidaadvogados\/wp-json\/wp\/v2\/posts\/14160"}],"collection":[{"href":"https:\/\/aprimora.site\/carvalhoalmeidaadvogados\/wp-json\/wp\/v2\/posts"}],"about":[{"href":"https:\/\/aprimora.site\/carvalhoalmeidaadvogados\/wp-json\/wp\/v2\/types\/post"}],"replies":[{"embeddable":true,"href":"https:\/\/aprimora.site\/carvalhoalmeidaadvogados\/wp-json\/wp\/v2\/comments?post=14160"}],"version-history":[{"count":0,"href":"https:\/\/aprimora.site\/carvalhoalmeidaadvogados\/wp-json\/wp\/v2\/posts\/14160\/revisions"}],"wp:attachment":[{"href":"https:\/\/aprimora.site\/carvalhoalmeidaadvogados\/wp-json\/wp\/v2\/media?parent=14160"}],"wp:term":[{"taxonomy":"category","embeddable":true,"href":"https:\/\/aprimora.site\/carvalhoalmeidaadvogados\/wp-json\/wp\/v2\/categories?post=14160"},{"taxonomy":"post_tag","embeddable":true,"href":"https:\/\/aprimora.site\/carvalhoalmeidaadvogados\/wp-json\/wp\/v2\/tags?post=14160"}],"curies":[{"name":"wp","href":"https:\/\/api.w.org\/{rel}","templated":true}]}}