{"id":14154,"date":"2025-09-05T16:02:43","date_gmt":"2025-09-05T19:02:43","guid":{"rendered":"https:\/\/aprimora.site\/carvalhoalmeidaadvogados\/2025\/09\/05\/sem-sessao-da-tarde-curitiba-aprova-pl-para-retirar-tv-aberta-de-postos-de-saude\/"},"modified":"2025-09-05T16:02:43","modified_gmt":"2025-09-05T19:02:43","slug":"sem-sessao-da-tarde-curitiba-aprova-pl-para-retirar-tv-aberta-de-postos-de-saude","status":"publish","type":"post","link":"https:\/\/aprimora.site\/carvalhoalmeidaadvogados\/2025\/09\/05\/sem-sessao-da-tarde-curitiba-aprova-pl-para-retirar-tv-aberta-de-postos-de-saude\/","title":{"rendered":"Sem Sess\u00e3o da Tarde: Curitiba aprova PL para retirar TV aberta de postos de sa\u00fade"},"content":{"rendered":"<p><span>Foi aprovado em sess\u00e3o ordin\u00e1ria na C\u00e2mara Municipal de Curitiba o \u2018Projeto Anti Globo\u2019 (PL 005.00086.2025), que pro\u00edbe a transmiss\u00e3o de canais de televis\u00e3o aberta nas unidades de sa\u00fade da cidade. O projeto, de autoria do vereador Eder Borges (PL), determina a exibi\u00e7\u00e3o apenas de conte\u00fados elaborados pelo munic\u00edpio. <\/span><span>O vereador comemorou a aprova\u00e7\u00e3o do projeto e agradeceu: \u201cMenos Rede Globo em postos de sa\u00fade.\u201d<\/span><\/p>\n<p><span>O projeto determina que a programa\u00e7\u00e3o dever\u00e1 ter car\u00e1ter orientativo, privilegiando informa\u00e7\u00f5es sobre a preven\u00e7\u00e3o de doen\u00e7as, educa\u00e7\u00e3o b\u00e1sica sobre sa\u00fade e conscientiza\u00e7\u00e3o de h\u00e1bitos saud\u00e1veis. Na justificativa, o autor argumenta que o uso da grade regular da TV aberta n\u00e3o contempla as boas pr\u00e1ticas que as secretarias t\u00eam compet\u00eancia e podem elaborar. O texto, aprovado na ter\u00e7a-feira (3\/9), teve voto favor\u00e1vel dos 23 vereadores presentes na sess\u00e3o e nenhum de oposi\u00e7\u00e3o.<\/span><\/p>\n<h3><a href=\"https:\/\/www.jota.info\/produtos\/poder?utm_source=cta-site&amp;utm_medium=site&amp;utm_campaign=campanha_poder_q2&amp;utm_id=cta_texto_poder_q2_2023&amp;utm_term=cta_texto_poder&amp;utm_term=cta_texto_poder_meio_materias\"><span>Conhe\u00e7a o <span class=\"jota\">JOTA<\/span> PRO Poder, plataforma de monitoramento que oferece transpar\u00eancia e previsibilidade para empresas<\/span><\/a><\/h3>\n<p><span>Na avalia\u00e7\u00e3o de Eder Borges, a transmiss\u00e3o atual tem pouco proveito para a popula\u00e7\u00e3o. Ele<\/span><span>\u00a0sustenta que o projeto ter\u00e1 impacto financeiro positivo, pois, segundo afirmou na sess\u00e3o da C\u00e2mara, estar\u00e1 desonerando o SUS \u00e0 medida que orienta a popula\u00e7\u00e3o a ter pr\u00e1ticas saud\u00e1veis e preventivas. Frente a esse argumento, Serginho R. B. Balaguer (PSD) afirmou que os custos de campanhas j\u00e1 est\u00e3o dentro das secretarias de comunica\u00e7\u00e3o, o que n\u00e3o acarretaria custo adicional para o munic\u00edpio.\u00a0<\/span><\/p>\n<p><span>Ap\u00f3s a apresenta\u00e7\u00e3o do projeto, vereadores endossaram a proposta e argumentaram e ressaltaram a import\u00e2ncia de aproveitar o tempo que as pessoas ficam em salas de espera para transmitir informa\u00e7\u00f5es relevantes \u2014 \u201cao inv\u00e9s de publicizar coisas in\u00fateis\u201d, segundo a vereadora Meri Martins (Republicanos).<\/span><\/p>\n<p><span>\u201cAs pessoas ficam na fila aguardando, e l\u00e1 est\u00e1 passando Globo, Ana Maria Braga, dessa forma (com o projeto) o pessoal pode ter acesso a informa\u00e7\u00f5es relevantes do nosso munic\u00edpio, certamente deve ser mais interessante do que comerciais de TV aberta, e a Globo perde audi\u00eancia, o que \u00e9 muito bom\u201d, disse o vereador Guilherme Kilter (Novo).<\/span><\/p>\n<h3><a href=\"https:\/\/conteudo.jota.info\/marketing-lp-newsletter-jota-principal-lancamento\">Informa\u00e7\u00f5es direto ao ponto sobre o que realmente importa: assine gratuitamente a <span class=\"jota\">JOTA<\/span> Principal, a nova newsletter do <span class=\"jota\">JOTA<\/span><\/a><\/h3>\n<p><span>A vota\u00e7\u00e3o do segundo turno est\u00e1 marcada para ter\u00e7a-feira (9\/9). Se aprovado, entrar\u00e1 em vigor 60 dias ap\u00f3s sua publica\u00e7\u00e3o. Ao final da sess\u00e3o, o vereador provocou os colegas petistas: \u201cFico feliz em n\u00e3o ter o voto [contr\u00e1rio] do PT, pessoal fica sem jeito de dar o bra\u00e7o a torcer quando o projeto \u00e9 bom, n\u00e3o tem lacra\u00e7\u00e3o. Menos rede Globo nos postos de sa\u00fade no Brasil\u201d.<\/span><\/p>","protected":false},"excerpt":{"rendered":"<p>Foi aprovado em sess\u00e3o ordin\u00e1ria na C\u00e2mara Municipal de Curitiba o \u2018Projeto Anti Globo\u2019 (PL 005.00086.2025), que pro\u00edbe a transmiss\u00e3o de canais de televis\u00e3o aberta nas unidades de sa\u00fade da cidade. O projeto, de autoria do vereador Eder Borges (PL), determina a exibi\u00e7\u00e3o apenas de conte\u00fados elaborados pelo munic\u00edpio. O vereador comemorou a aprova\u00e7\u00e3o do [&hellip;]<\/p>\n","protected":false},"author":0,"featured_media":0,"comment_status":"open","ping_status":"open","sticky":false,"template":"","format":"standard","meta":[],"categories":[1],"tags":[],"_links":{"self":[{"href":"https:\/\/aprimora.site\/carvalhoalmeidaadvogados\/wp-json\/wp\/v2\/posts\/14154"}],"collection":[{"href":"https:\/\/aprimora.site\/carvalhoalmeidaadvogados\/wp-json\/wp\/v2\/posts"}],"about":[{"href":"https:\/\/aprimora.site\/carvalhoalmeidaadvogados\/wp-json\/wp\/v2\/types\/post"}],"replies":[{"embeddable":true,"href":"https:\/\/aprimora.site\/carvalhoalmeidaadvogados\/wp-json\/wp\/v2\/comments?post=14154"}],"version-history":[{"count":0,"href":"https:\/\/aprimora.site\/carvalhoalmeidaadvogados\/wp-json\/wp\/v2\/posts\/14154\/revisions"}],"wp:attachment":[{"href":"https:\/\/aprimora.site\/carvalhoalmeidaadvogados\/wp-json\/wp\/v2\/media?parent=14154"}],"wp:term":[{"taxonomy":"category","embeddable":true,"href":"https:\/\/aprimora.site\/carvalhoalmeidaadvogados\/wp-json\/wp\/v2\/categories?post=14154"},{"taxonomy":"post_tag","embeddable":true,"href":"https:\/\/aprimora.site\/carvalhoalmeidaadvogados\/wp-json\/wp\/v2\/tags?post=14154"}],"curies":[{"name":"wp","href":"https:\/\/api.w.org\/{rel}","templated":true}]}}