{"id":14139,"date":"2025-09-05T09:05:07","date_gmt":"2025-09-05T12:05:07","guid":{"rendered":"https:\/\/aprimora.site\/carvalhoalmeidaadvogados\/2025\/09\/05\/podcast-stj-no-seu-dia-discute-responsabilidade-dos-provedores-na-identificacao-de-usuarios\/"},"modified":"2025-09-05T09:05:07","modified_gmt":"2025-09-05T12:05:07","slug":"podcast-stj-no-seu-dia-discute-responsabilidade-dos-provedores-na-identificacao-de-usuarios","status":"publish","type":"post","link":"https:\/\/aprimora.site\/carvalhoalmeidaadvogados\/2025\/09\/05\/podcast-stj-no-seu-dia-discute-responsabilidade-dos-provedores-na-identificacao-de-usuarios\/","title":{"rendered":"Podcast STJ No Seu Dia discute responsabilidade dos provedores na identifica\u00e7\u00e3o de usu\u00e1rios"},"content":{"rendered":"<p>Podcast STJ No Seu Dia discute responsabilidade dos provedores na identifica\u00e7\u00e3o de usu\u00e1rios<\/p>","protected":false},"excerpt":{"rendered":"<p>Podcast STJ No Seu Dia discute responsabilidade dos provedores na identifica\u00e7\u00e3o de usu\u00e1rios<\/p>\n","protected":false},"author":0,"featured_media":0,"comment_status":"open","ping_status":"open","sticky":false,"template":"","format":"standard","meta":[],"categories":[1],"tags":[],"_links":{"self":[{"href":"https:\/\/aprimora.site\/carvalhoalmeidaadvogados\/wp-json\/wp\/v2\/posts\/14139"}],"collection":[{"href":"https:\/\/aprimora.site\/carvalhoalmeidaadvogados\/wp-json\/wp\/v2\/posts"}],"about":[{"href":"https:\/\/aprimora.site\/carvalhoalmeidaadvogados\/wp-json\/wp\/v2\/types\/post"}],"replies":[{"embeddable":true,"href":"https:\/\/aprimora.site\/carvalhoalmeidaadvogados\/wp-json\/wp\/v2\/comments?post=14139"}],"version-history":[{"count":0,"href":"https:\/\/aprimora.site\/carvalhoalmeidaadvogados\/wp-json\/wp\/v2\/posts\/14139\/revisions"}],"wp:attachment":[{"href":"https:\/\/aprimora.site\/carvalhoalmeidaadvogados\/wp-json\/wp\/v2\/media?parent=14139"}],"wp:term":[{"taxonomy":"category","embeddable":true,"href":"https:\/\/aprimora.site\/carvalhoalmeidaadvogados\/wp-json\/wp\/v2\/categories?post=14139"},{"taxonomy":"post_tag","embeddable":true,"href":"https:\/\/aprimora.site\/carvalhoalmeidaadvogados\/wp-json\/wp\/v2\/tags?post=14139"}],"curies":[{"name":"wp","href":"https:\/\/api.w.org\/{rel}","templated":true}]}}