{"id":14041,"date":"2025-09-02T17:15:19","date_gmt":"2025-09-02T20:15:19","guid":{"rendered":"https:\/\/aprimora.site\/carvalhoalmeidaadvogados\/2025\/09\/02\/advogado-diz-que-ramagem-nao-era-ensaista-de-bolsonaro-sobre-fraude-em-urnas\/"},"modified":"2025-09-02T17:15:19","modified_gmt":"2025-09-02T20:15:19","slug":"advogado-diz-que-ramagem-nao-era-ensaista-de-bolsonaro-sobre-fraude-em-urnas","status":"publish","type":"post","link":"https:\/\/aprimora.site\/carvalhoalmeidaadvogados\/2025\/09\/02\/advogado-diz-que-ramagem-nao-era-ensaista-de-bolsonaro-sobre-fraude-em-urnas\/","title":{"rendered":"Advogado diz que Ramagem n\u00e3o era \u2018ensa\u00edsta\u2019 de Bolsonaro sobre fraude em urnas"},"content":{"rendered":"<p>O advogado do deputado <a href=\"https:\/\/www.jota.info\/stf\/do-supremo\/stf-ao-vivo-julgamento-de-bolsonaro-e-outros-7-reus-por-tentativa-de-golpe\">Alexandre Ramagem<\/a> (PL-RJ), Paulo Renato Cintra, reafirmou no Supremo Tribunal Federal (<a href=\"https:\/\/www.jota.info\/tudo-sobre\/stf\">STF<\/a>) afirmou que documentos apreendidos pela <a href=\"https:\/\/www.jota.info\/tudo-sobre\/policia-federal\">Pol\u00edcia Federal<\/a> chamados \u2018\u2018Presidente TSE informa.docx\u2019\u2019 e \u2018\u2018Bom dia Presidente.docx\u2019 eram anota\u00e7\u00f5es pessoais e que nunca foram repassados a ningu\u00e9m, muito menos ao ex-presidente <a href=\"https:\/\/www.jota.info\/tudo-sobre\/jair-bolsonaro\">Jair Bolsonaro<\/a>.<\/p>\n<h3><a href=\"https:\/\/www.jota.info\/produtos\/poder?utm_source=cta-site&amp;utm_medium=site&amp;utm_campaign=campanha_poder_q2&amp;utm_id=cta_texto_poder_q2_2023&amp;utm_term=cta_texto_poder&amp;utm_term=cta_texto_poder_meio_materias\"><span>Conhe\u00e7a o <span class=\"jota\">JOTA<\/span> PRO Poder, plataforma de monitoramento que oferece transpar\u00eancia e previsibilidade para empresas<\/span><\/a><\/h3>\n<p>\u201cAlexandre Ramagem n\u00e3o atuou para orientar o presidente da Rep\u00fablica, ele n\u00e3o era um \u2018ensa\u00edsta\u2019 do presidente. Ele compilava ali (nos documentos da den\u00fancia) pensamentos do presidente. \u00c9 muito grave dizer que Alexandre Ramagem seria ensa\u00edsta de Jair Bolsonaro. N\u00e3o era. Quando muito, ele era o grande compilador oficial da Rep\u00fablica. O que tinha naqueles documentos eram compilados de declara\u00e7\u00f5es p\u00fablicas reiteradas\u201d, afirmou Cintra.<\/p>\n<p>Cintra ainda acrescentou que os textos encontrados nos aparelhos eletr\u00f4nicos de Ramagem, que questionavam o processo eleitoral e as <a href=\"https:\/\/www.jota.info\/tudo-sobre\/urnas-eletronicas\">urnas eletr\u00f4nicas<\/a>, eram apenas anota\u00e7\u00f5es feitas no bloco de notas do deputado e que n\u00e3o existem elementos que comprovem que esses documentos tenham sido entregues ao ex-presidente da Rep\u00fablica. \u201cEram anota\u00e7\u00f5es pessoais\u201d, disse.<\/p>\n<h3><a href=\"https:\/\/conteudo.jota.info\/marketing-lp-newsletter-jota-principal-lancamento\">Informa\u00e7\u00f5es direto ao ponto sobre o que realmente importa: assine gratuitamente a <span class=\"jota\">JOTA<\/span> Principal, a nova newsletter do <span class=\"jota\">JOTA<\/span><\/a><\/h3>\n<p>De acordo com a Pol\u00edcia Federal, o documento intitulado \u2018\u2018Presidente TSE informa.docx\u2019\u2019 foi criado em 10 de julho de 2021, com \u00faltima modifica\u00e7\u00e3o em 27 de julho de 2021 pelo usu\u00e1rio \u2018\u2019aramagem@yahoo.com\u2019\u20193, dois dias antes da <em>live<\/em> realizada pelo ent\u00e3o presidente Jair Bolsonaro, em que o mesmo realizou diversos ataques ao Tribunal Superior Eleitoral (<a href=\"https:\/\/www.jota.info\/tudo-sobre\/tse\">TSE<\/a>) e as urnas eletr\u00f4nicas, realizada em 29 de julho de 2021.<\/p>\n<p>A den\u00fancia da Procuradoria-Geral da Rep\u00fablica (<a href=\"https:\/\/www.jota.info\/tudo-sobre\/pgr\">PGR<\/a>) defendeu que o documento com argumentos contra as urnas foi voltado a subsidiar falas p\u00fablicas de Jair Bolsonaro.<\/p>\n<p>O advogado reiterou ainda que o ent\u00e3o diretor da <a href=\"https:\/\/www.jota.info\/tudo-sobre\/abin\">Abin<\/a> n\u00e3o usou o \u00f3rg\u00e3o para monitoramento de autoridades p\u00fablicas como ministros do Supremo. O advogado lembrou que h\u00e1 outra investiga\u00e7\u00e3o sobre o assunto e que a discuss\u00e3o deveria ficar por l\u00e1 e n\u00e3o na a\u00e7\u00e3o penal sobre o golpe.<\/p>\n<p>O advogado tamb\u00e9m afirmou que o suposto grupo de trabalho organizado para \u201cteste p\u00fablico de seguran\u00e7a das urnas\u201d com a participa\u00e7\u00e3o da Abin, mencionado por Ramagem em mensagem a Bolsonaro, \u201cn\u00e3o chegou a sair do papel\u201d.<\/p>\n<p>A defesa tenta afastar Ramagem do chamado \u201cn\u00facleo crucial da trama golpista\u201d e solicita suspens\u00e3o de acusa\u00e7\u00e3o por organiza\u00e7\u00e3o criminosa, j\u00e1 que os crimes foram cometidos ap\u00f3s a diploma\u00e7\u00e3o do r\u00e9u como parlamentar.<\/p>\n<h3>C\u00e1rmen L\u00facia defende seguran\u00e7a das urnas<\/h3>\n<p>A ministra <a href=\"https:\/\/www.jota.info\/tudo-sobre\/carmen-lucia\">C\u00e1rmen L\u00facia<\/a>, atual presidente do Tribunal Superior Eleitoral (<a href=\"https:\/\/www.jota.info\/tudo-sobre\/tse\">TSE<\/a>), chamou a aten\u00e7\u00e3o do advogado Paulo Renato Cintra ap\u00f3s sua sustenta\u00e7\u00e3o oral. A ministra lembrou que h\u00e1 diferen\u00e7as entre o voto impresso e o voto audit\u00e1vel e disse que a fala do advogado confundia os termos, alimentando a falsa informa\u00e7\u00e3o sobre a seguran\u00e7a das urnas.<\/p>\n<p>A presidente da Corte eleitoral reiterou que o voto \u00e9 \u201caudit\u00e1vel, \u00edntegro e permanente seguro\u201d e que \u00e9 preciso parar de alimentar as confus\u00f5es na cabe\u00e7a do brasileiro.<\/p>\n<div>\n<p>\u00a0<\/p>\n<div>\n<div><\/div>\n<div>\n<div><\/div>\n<div><\/div>\n<\/div>\n<\/div>\n<div><\/div>\n<div><\/div>\n<div>\n<div>Ver essa foto no Instagram<\/div>\n<\/div>\n<div><\/div>\n<div>\n<div>\n<div><\/div>\n<div><\/div>\n<div><\/div>\n<\/div>\n<div>\n<div><\/div>\n<div><\/div>\n<\/div>\n<div>\n<div><\/div>\n<div><\/div>\n<div><\/div>\n<\/div>\n<\/div>\n<div>\n<div><\/div>\n<div><\/div>\n<\/div>\n<p>\u00a0<\/p>\n<p><a href=\"https:\/\/www.instagram.com\/reel\/DOHJp4LjxEG\/?utm_source=ig_embed&amp;utm_campaign=loading\" target=\"_blank\" rel=\"noopener\">Uma publica\u00e7\u00e3o compartilhada por <span class=\"jota\">JOTA<\/span> (@jotaflash)<\/a><\/p>\n<\/div>","protected":false},"excerpt":{"rendered":"<p>O advogado do deputado Alexandre Ramagem (PL-RJ), Paulo Renato Cintra, reafirmou no Supremo Tribunal Federal (STF) afirmou que documentos apreendidos pela Pol\u00edcia Federal chamados \u2018\u2018Presidente TSE informa.docx\u2019\u2019 e \u2018\u2018Bom dia Presidente.docx\u2019 eram anota\u00e7\u00f5es pessoais e que nunca foram repassados a ningu\u00e9m, muito menos ao ex-presidente Jair Bolsonaro. Conhe\u00e7a o JOTA PRO Poder, plataforma de monitoramento [&hellip;]<\/p>\n","protected":false},"author":0,"featured_media":0,"comment_status":"open","ping_status":"open","sticky":false,"template":"","format":"standard","meta":[],"categories":[1],"tags":[],"_links":{"self":[{"href":"https:\/\/aprimora.site\/carvalhoalmeidaadvogados\/wp-json\/wp\/v2\/posts\/14041"}],"collection":[{"href":"https:\/\/aprimora.site\/carvalhoalmeidaadvogados\/wp-json\/wp\/v2\/posts"}],"about":[{"href":"https:\/\/aprimora.site\/carvalhoalmeidaadvogados\/wp-json\/wp\/v2\/types\/post"}],"replies":[{"embeddable":true,"href":"https:\/\/aprimora.site\/carvalhoalmeidaadvogados\/wp-json\/wp\/v2\/comments?post=14041"}],"version-history":[{"count":0,"href":"https:\/\/aprimora.site\/carvalhoalmeidaadvogados\/wp-json\/wp\/v2\/posts\/14041\/revisions"}],"wp:attachment":[{"href":"https:\/\/aprimora.site\/carvalhoalmeidaadvogados\/wp-json\/wp\/v2\/media?parent=14041"}],"wp:term":[{"taxonomy":"category","embeddable":true,"href":"https:\/\/aprimora.site\/carvalhoalmeidaadvogados\/wp-json\/wp\/v2\/categories?post=14041"},{"taxonomy":"post_tag","embeddable":true,"href":"https:\/\/aprimora.site\/carvalhoalmeidaadvogados\/wp-json\/wp\/v2\/tags?post=14041"}],"curies":[{"name":"wp","href":"https:\/\/api.w.org\/{rel}","templated":true}]}}