{"id":13933,"date":"2025-08-29T11:24:58","date_gmt":"2025-08-29T14:24:58","guid":{"rendered":"https:\/\/aprimora.site\/carvalhoalmeidaadvogados\/2025\/08\/29\/aviao-do-vice-presidente-geraldo-alckmin-apresenta-falhas-em-escala-na-colombia\/"},"modified":"2025-08-29T11:24:58","modified_gmt":"2025-08-29T14:24:58","slug":"aviao-do-vice-presidente-geraldo-alckmin-apresenta-falhas-em-escala-na-colombia","status":"publish","type":"post","link":"https:\/\/aprimora.site\/carvalhoalmeidaadvogados\/2025\/08\/29\/aviao-do-vice-presidente-geraldo-alckmin-apresenta-falhas-em-escala-na-colombia\/","title":{"rendered":"Avi\u00e3o do vice-presidente Geraldo Alckmin apresenta falhas em escala na Col\u00f4mbia"},"content":{"rendered":"<p>O governo federal informou na manh\u00e3 desta sexta-feira (29\/8) que a aeronave que conduzia o vice-presidente e ministro do Desenvolvimento, Ind\u00fastria, Com\u00e9rcio e Servi\u00e7os, <a href=\"https:\/\/www.jota.info\/tudo-sobre\/geraldo-alckmin\">Geraldo Alckmin<\/a>, apresentou falhas durante uma parada em Cali, na <a href=\"https:\/\/www.jota.info\/tudo-sobre\/colombia\">Col\u00f4mbia<\/a>, ap\u00f3s pouso programado para reabastecimento. Segundo a For\u00e7a A\u00e9rea Brasileira (FAB), todos da comitiva est\u00e3o bem e em seguran\u00e7a.<\/p>\n<h3><a href=\"https:\/\/conteudo.jota.info\/marketing-lp-newsletter-jota-principal-lancamento\">Informa\u00e7\u00f5es direto ao ponto sobre o que realmente importa: assine gratuitamente a <span class=\"jota\">JOTA<\/span> Principal, a nova newsletter do <span class=\"jota\">JOTA<\/span><\/a><\/h3>\n<p>Segundo comunicado do governo, o problema ocorreu em uma das mangueiras semi-hidr\u00e1ulicas da aeronave, o que n\u00e3o impediria a continuidade da viagem. A FAB, no entanto, recomendou que a comitiva do vice-presidente estendesse a parada na Col\u00f4mbia at\u00e9 que outra aeronave fosse enviada do Brasil.<\/p>\n<p>\u00c0s 10h, um avi\u00e3o decolou da Base A\u00e9rea de Bras\u00edlia para busc\u00e1-los. O pouso em Bras\u00edlia est\u00e1 previsto para cerca de 21h.<\/p>\n<h3>Alckmin no M\u00e9xico<\/h3>\n<p>Alckmin viajou ao M\u00e9xico para um encontro com a presidente mexicana Claudia Sheinbaum. No encontro, na \u00faltima quinta-feira (28\/8), os pol\u00edticos discutiram uma proposta de amplia\u00e7\u00e3o dos acordos vigentes de com\u00e9rcio exterior e investimentos entre Brasil e M\u00e9xico.<\/p>\n<p>\u201cFoi um trabalho bastante amplo e proveitoso. Vou levar ao presidente Lula a boa not\u00edcia de que Brasil e M\u00e9xico est\u00e3o mais pr\u00f3ximos, em benef\u00edcio das nossas popula\u00e7\u00f5es e como motor do desenvolvimento da Am\u00e9rica Latina\u201d, afirmou o vice-presidente.<\/p>","protected":false},"excerpt":{"rendered":"<p>O governo federal informou na manh\u00e3 desta sexta-feira (29\/8) que a aeronave que conduzia o vice-presidente e ministro do Desenvolvimento, Ind\u00fastria, Com\u00e9rcio e Servi\u00e7os, Geraldo Alckmin, apresentou falhas durante uma parada em Cali, na Col\u00f4mbia, ap\u00f3s pouso programado para reabastecimento. Segundo a For\u00e7a A\u00e9rea Brasileira (FAB), todos da comitiva est\u00e3o bem e em seguran\u00e7a. Informa\u00e7\u00f5es [&hellip;]<\/p>\n","protected":false},"author":0,"featured_media":0,"comment_status":"open","ping_status":"open","sticky":false,"template":"","format":"standard","meta":[],"categories":[1],"tags":[],"_links":{"self":[{"href":"https:\/\/aprimora.site\/carvalhoalmeidaadvogados\/wp-json\/wp\/v2\/posts\/13933"}],"collection":[{"href":"https:\/\/aprimora.site\/carvalhoalmeidaadvogados\/wp-json\/wp\/v2\/posts"}],"about":[{"href":"https:\/\/aprimora.site\/carvalhoalmeidaadvogados\/wp-json\/wp\/v2\/types\/post"}],"replies":[{"embeddable":true,"href":"https:\/\/aprimora.site\/carvalhoalmeidaadvogados\/wp-json\/wp\/v2\/comments?post=13933"}],"version-history":[{"count":0,"href":"https:\/\/aprimora.site\/carvalhoalmeidaadvogados\/wp-json\/wp\/v2\/posts\/13933\/revisions"}],"wp:attachment":[{"href":"https:\/\/aprimora.site\/carvalhoalmeidaadvogados\/wp-json\/wp\/v2\/media?parent=13933"}],"wp:term":[{"taxonomy":"category","embeddable":true,"href":"https:\/\/aprimora.site\/carvalhoalmeidaadvogados\/wp-json\/wp\/v2\/categories?post=13933"},{"taxonomy":"post_tag","embeddable":true,"href":"https:\/\/aprimora.site\/carvalhoalmeidaadvogados\/wp-json\/wp\/v2\/tags?post=13933"}],"curies":[{"name":"wp","href":"https:\/\/api.w.org\/{rel}","templated":true}]}}