{"id":13881,"date":"2025-08-28T06:01:43","date_gmt":"2025-08-28T09:01:43","guid":{"rendered":"https:\/\/aprimora.site\/carvalhoalmeidaadvogados\/2025\/08\/28\/moratoria-da-soja-governanca-paralela-e-inseguranca-juridica-no-campo\/"},"modified":"2025-08-28T06:01:43","modified_gmt":"2025-08-28T09:01:43","slug":"moratoria-da-soja-governanca-paralela-e-inseguranca-juridica-no-campo","status":"publish","type":"post","link":"https:\/\/aprimora.site\/carvalhoalmeidaadvogados\/2025\/08\/28\/moratoria-da-soja-governanca-paralela-e-inseguranca-juridica-no-campo\/","title":{"rendered":"Morat\u00f3ria da soja: governan\u00e7a paralela e inseguran\u00e7a jur\u00eddica no campo"},"content":{"rendered":"<p>A <a href=\"https:\/\/www.jota.info\/tudo-sobre\/moratoria-da-soja\" target=\"_blank\" rel=\"noopener\">morat\u00f3ria da soja<\/a> nasceu em 2006 como um compromisso privado entre grandes tradings internacionais e organiza\u00e7\u00f5es n\u00e3o governamentais, sob a justificativa de coibir o desmatamento na Amaz\u00f4nia. Passadas quase duas d\u00e9cadas, o arranjo consolidou-se como requisito informal para acesso aos canais de comercializa\u00e7\u00e3o dominados por conglomerados exportadores que concentram mais de 90% do mercado.<\/p>\n<p>N\u00e3o h\u00e1 lei ou decreto que a institua. Tampouco delibera\u00e7\u00e3o do Congresso Nacional ou de \u00f3rg\u00e3os ambientais competentes. Ainda assim, a morat\u00f3ria tornou-se, na pr\u00e1tica, um sistema paralelo de governan\u00e7a ambiental e territorial, impondo regras pr\u00f3prias de exclus\u00e3o de produtores rurais \u2014 inclusive daqueles em plena conformidade com o C\u00f3digo Florestal.<\/p>\n<h3><a href=\"https:\/\/www.jota.info\/produtos\/poder?utm_source=cta-site&amp;utm_medium=site&amp;utm_campaign=campanha_poder_q2&amp;utm_id=cta_texto_poder_q2_2023&amp;utm_term=cta_texto_poder&amp;utm_term=cta_texto_poder_meio_materias\"><span>Conhe\u00e7a o <span class=\"jota\">JOTA<\/span> PRO Poder, plataforma de monitoramento que oferece transpar\u00eancia e previsibilidade para empresas<\/span><\/a><\/h3>\n<h3>O aspecto concorrencial: cartel de compras?<\/h3>\n<p>Do ponto de vista da defesa da concorr\u00eancia, a cr\u00edtica \u00e9 recorrente. Ao se coordenarem para excluir fornecedores que n\u00e3o atendam aos crit\u00e9rios da morat\u00f3ria, as tradings acabam criando um cartel de compras. A Confedera\u00e7\u00e3o da Agricultura e Pecu\u00e1ria do Brasil (CNA) e a Aprosoja-MT j\u00e1 levaram o tema ao Conselho Administrativo de Defesa Econ\u00f4mica (Cade), sustentando que a uniformiza\u00e7\u00e3o das pr\u00e1ticas, sem fundamento legal, restringe a livre iniciativa e distorce a concorr\u00eancia.<\/p>\n<p>Os n\u00fameros d\u00e3o dimens\u00e3o do problema: apenas em Mato Grosso, estima-se que os preju\u00edzos diretos ultrapassem R$ 20 bilh\u00f5es por ano, com efeitos indiretos superiores a R$ 60 bilh\u00f5es. Pequenos e m\u00e9dios produtores, com menor poder de barganha e acesso limitado a certifica\u00e7\u00f5es privadas, s\u00e3o os mais atingidos.<\/p>\n<h3>A governan\u00e7a territorial privatizada<\/h3>\n<p>A morat\u00f3ria vai al\u00e9m da quest\u00e3o concorrencial. Ela criou um regime de governan\u00e7a territorial privatizada, no qual empresas multinacionais determinam onde se pode ou n\u00e3o produzir. Essa l\u00f3gica interfere diretamente no uso e ocupa\u00e7\u00e3o do solo, substituindo a regula\u00e7\u00e3o ambiental estatal por mecanismos privados de controle.<\/p>\n<p>O resultado \u00e9 paradoxal: produtores com \u00e1reas registradas no Cadastro Ambiental Rural (CAR), com reserva legal e \u00c1reas de Preserva\u00e7\u00e3o Permanente averbadas, podem ser barrados por crit\u00e9rios n\u00e3o previstos em lei. Ou seja, n\u00e3o basta estar em conformidade com o C\u00f3digo Florestal; \u00e9 necess\u00e1rio atender a requisitos supranacionais, sem transpar\u00eancia ou controle p\u00fablico.<\/p>\n<h3>C\u00f3digo Florestal x morat\u00f3ria: a inseguran\u00e7a jur\u00eddica<\/h3>\n<p>O Brasil j\u00e1 disp\u00f5e de um dos marcos normativos ambientais mais restritivos do mundo. O C\u00f3digo Florestal de 2012 criou instrumentos robustos de regulariza\u00e7\u00e3o: CAR, Programas de Regulariza\u00e7\u00e3o Ambiental (PRA), reserva legal e APPs. O desafio \u00e9 a execu\u00e7\u00e3o: muitos CARs ainda n\u00e3o foram homologados, e a implementa\u00e7\u00e3o dos PRAs segue lenta.<\/p>\n<p>Nesse contexto, a morat\u00f3ria permanece como substituto prec\u00e1rio da a\u00e7\u00e3o estatal. Em vez de cobrar a efetividade do C\u00f3digo Florestal, transfere-se o poder de regula\u00e7\u00e3o para conglomerados privados. O efeito \u00e9 perverso: enfraquece-se a autoridade do Estado, deslegitima-se o ordenamento ambiental brasileiro e gera-se inseguran\u00e7a jur\u00eddica.<\/p>\n<p>A inseguran\u00e7a \u00e9 dupla. Para o produtor rural, que cumpre a lei mas \u00e9 tratado como irregular, e para o pr\u00f3prio setor de commodities, que passa a depender de crit\u00e9rios vol\u00e1teis, sem respaldo institucional. A ret\u00f3rica ambiental perde consist\u00eancia quando se constata que a morat\u00f3ria incide apenas sobre a soja, ignorando culturas como milho e algod\u00e3o na mesma \u00e1rea \u2014 seletividade que evidencia incoer\u00eancia.<\/p>\n<p>No plano internacional, a manuten\u00e7\u00e3o desse sistema projeta risco reputacional elevado. A mensagem transmitida \u00e9 a de que o Brasil n\u00e3o confia no seu pr\u00f3prio marco normativo ambiental, transferindo soberania regulat\u00f3ria a grupos econ\u00f4micos supranacionais.<\/p>\n<h3>Matr\u00edcula como servi\u00e7o: o contraponto p\u00fablico<\/h3>\n<p>Enquanto a morat\u00f3ria privatiza a governan\u00e7a territorial, o Provimento CNJ 195\/2025 aponta em sentido oposto. Ao reposicionar a matr\u00edcula imobili\u00e1ria como servi\u00e7o p\u00fablico cont\u00ednuo e digital, integrado a sistemas como CAR, SIGEF e cadastros fiscais, o CNJ constr\u00f3i uma infraestrutura p\u00fablica de dados espaciais, audit\u00e1vel e transparente.<\/p>\n<p>Essa reconceitua\u00e7\u00e3o mostra que o caminho leg\u00edtimo para compatibilizar produ\u00e7\u00e3o agr\u00edcola e sustentabilidade n\u00e3o \u00e9 a imposi\u00e7\u00e3o de crit\u00e9rios privados, mas o fortalecimento de instrumentos estatais que assegurem regularidade fundi\u00e1ria e ambiental. A matr\u00edcula digital, ao tornar-se interoper\u00e1vel, permite identificar sobreposi\u00e7\u00f5es, fiscalizar o cumprimento do C\u00f3digo Florestal e oferecer seguran\u00e7a jur\u00eddica tanto a produtores quanto a credores e compradores.<\/p>\n<p>A morat\u00f3ria da soja pode ter cumprido, em seu in\u00edcio, um papel relevante de resposta ao desmatamento. Mas, hoje, consolidou-se como uma inst\u00e2ncia paralela de regula\u00e7\u00e3o territorial e concorrencial, sem legitimidade democr\u00e1tica e sem capacidade de gerar seguran\u00e7a jur\u00eddica.<\/p>\n<h3><a href=\"https:\/\/conteudo.jota.info\/marketing-lp-newsletter-jota-principal-lancamento\">Informa\u00e7\u00f5es direto ao ponto sobre o que realmente importa: assine gratuitamente a <span class=\"jota\">JOTA<\/span> Principal, a nova newsletter do <span class=\"jota\">JOTA<\/span><\/a><\/h3>\n<p>A sa\u00edda n\u00e3o est\u00e1 em arranjos privados de governan\u00e7a, mas no fortalecimento do C\u00f3digo Florestal e da matr\u00edcula digital como servi\u00e7o p\u00fablico, capazes de fornecer par\u00e2metros transparentes e audit\u00e1veis de regularidade. Homologar os CARs, executar os PRAs e consolidar as bases registral e cadastral p\u00fablicas \u00e9 o caminho para aliar sustentabilidade real, competitividade e soberania regulat\u00f3ria.<\/p>\n<p>O produtor que cumpre a lei n\u00e3o pode ser tratado como irregular. O Brasil precisa confiar na sua pr\u00f3pria regula\u00e7\u00e3o territorial e ambiental \u2014 e n\u00e3o permitir que crit\u00e9rios privados, criados \u00e0 margem da legisla\u00e7\u00e3o nacional, ditem os rumos de uma das cadeias produtivas mais estrat\u00e9gicas do pa\u00eds.<\/p>","protected":false},"excerpt":{"rendered":"<p>A morat\u00f3ria da soja nasceu em 2006 como um compromisso privado entre grandes tradings internacionais e organiza\u00e7\u00f5es n\u00e3o governamentais, sob a justificativa de coibir o desmatamento na Amaz\u00f4nia. Passadas quase duas d\u00e9cadas, o arranjo consolidou-se como requisito informal para acesso aos canais de comercializa\u00e7\u00e3o dominados por conglomerados exportadores que concentram mais de 90% do mercado. [&hellip;]<\/p>\n","protected":false},"author":0,"featured_media":0,"comment_status":"open","ping_status":"open","sticky":false,"template":"","format":"standard","meta":[],"categories":[1],"tags":[],"_links":{"self":[{"href":"https:\/\/aprimora.site\/carvalhoalmeidaadvogados\/wp-json\/wp\/v2\/posts\/13881"}],"collection":[{"href":"https:\/\/aprimora.site\/carvalhoalmeidaadvogados\/wp-json\/wp\/v2\/posts"}],"about":[{"href":"https:\/\/aprimora.site\/carvalhoalmeidaadvogados\/wp-json\/wp\/v2\/types\/post"}],"replies":[{"embeddable":true,"href":"https:\/\/aprimora.site\/carvalhoalmeidaadvogados\/wp-json\/wp\/v2\/comments?post=13881"}],"version-history":[{"count":0,"href":"https:\/\/aprimora.site\/carvalhoalmeidaadvogados\/wp-json\/wp\/v2\/posts\/13881\/revisions"}],"wp:attachment":[{"href":"https:\/\/aprimora.site\/carvalhoalmeidaadvogados\/wp-json\/wp\/v2\/media?parent=13881"}],"wp:term":[{"taxonomy":"category","embeddable":true,"href":"https:\/\/aprimora.site\/carvalhoalmeidaadvogados\/wp-json\/wp\/v2\/categories?post=13881"},{"taxonomy":"post_tag","embeddable":true,"href":"https:\/\/aprimora.site\/carvalhoalmeidaadvogados\/wp-json\/wp\/v2\/tags?post=13881"}],"curies":[{"name":"wp","href":"https:\/\/api.w.org\/{rel}","templated":true}]}}